{"id":9277,"date":"2016-01-17T11:07:48","date_gmt":"2016-01-17T11:07:48","guid":{"rendered":"http:\/\/selwoholidayhome.com\/sv\/?p=9277"},"modified":"2016-01-17T11:33:19","modified_gmt":"2016-01-17T11:33:19","slug":"vi-utokar-vart-uthyrningsomrade-och-tar-aven-pa-oss-renoveringsarbeten","status":"publish","type":"post","link":"https:\/\/selwoholidayhome.com\/sv\/selwo-news-sv\/vi-utokar-vart-uthyrningsomrade-och-tar-aven-pa-oss-renoveringsarbeten\/","title":{"rendered":"Vi ut\u00f6kar v\u00e5rt uthyrningsomr\u00e5de och tar \u00e4ven p\u00e5 oss renoveringsarbeten!"},"content":{"rendered":"<p>Efter m\u00e5nga f\u00f6rfr\u00e5gningar, har vi beslutat att ut\u00f6ka v\u00e5rt uthyrningsomr\u00e5de till att omfatta Marbella i \u00f6ster till La Duquesa i v\u00e4st.<br \/>\nDetta inneb\u00e4r att v\u00e5rt uthyrningsomr\u00e5de numera str\u00e4cker sig drygt 40 km l\u00e4ngs v\u00e5r vackra kust p\u00e5 Costa del Sol.<br \/>\nDetta inneb\u00e4r ett bredare utbudf\u00f6r v\u00e5ra kunder och objekten kommer att l\u00e4ggas ut fortl\u00f6pande.<\/p>\n<p>Vi ut\u00f6kar samtidigt v\u00e5rt arbetsomr\u00e5de med att inkludera renoverings\u00e5taganden s\u00e5som m\u00e5lning interi\u00f6rt\/exteri\u00f6rt, enklare elarbeten mm.<\/p>\n","protected":false},"excerpt":{"rendered":"<p>Efter m\u00e5nga f\u00f6rfr\u00e5gningar, har vi beslutat att ut\u00f6ka v\u00e5rt uthyrningsomr\u00e5de till att omfatta Marbella i \u00f6ster till La Duquesa i v\u00e4st. Detta inneb\u00e4r att v\u00e5rt uthyrningsomr\u00e5de numera str\u00e4cker sig drygt 40 km l\u00e4ngs v\u00e5r vackra kust p\u00e5 Costa del Sol. Detta inneb\u00e4r ett bredare utbudf\u00f6r v\u00e5ra kunder och objekten kommer att l\u00e4ggas ut fortl\u00f6pande. Vi ut\u00f6kar samtidigt v\u00e5rt arbetsomr\u00e5de med&#8230;<\/p>\n<div><a href=\"https:\/\/selwoholidayhome.com\/sv\/selwo-news-sv\/vi-utokar-vart-uthyrningsomrade-och-tar-aven-pa-oss-renoveringsarbeten\/\" class=\"read-more\">L\u00e4s Mer  <i class=\"fa fa-arrow-circle-o-right\"><\/i><\/a><\/div>\n","protected":false},"author":5,"featured_media":9123,"comment_status":"open","ping_status":"open","sticky":false,"template":"","format":"standard","meta":{"footnotes":""},"categories":[121],"tags":[],"class_list":["post-9277","post","type-post","status-publish","format-standard","has-post-thumbnail","hentry","category-selwo-news-sv","has-featured"],"yoast_head":"<!-- This site is optimized with the Yoast SEO plugin v26.0 - https:\/\/yoast.com\/wordpress\/plugins\/seo\/ -->\n<title>Vi ut\u00f6kar v\u00e5rt uthyrningsomr\u00e5de och tar \u00e4ven p\u00e5 oss renoveringsarbeten! &#8226; Selwo Holiday Home<\/title>\n<meta name=\"description\" content=\"Efter m\u00e5nga f\u00f6rfr\u00e5gningar, har vi beslutat att ut\u00f6ka v\u00e5rt uthyrningsomr\u00e5de till att omfatta Marbella i \u00f6ster till La Duquesa i v\u00e4st. Detta inneb\u00e4r att\" \/>\n<meta name=\"robots\" content=\"index, follow, max-snippet:-1, max-image-preview:large, max-video-preview:-1\" \/>\n<link rel=\"canonical\" href=\"https:\/\/selwoholidayhome.com\/sv\/selwo-news-sv\/vi-utokar-vart-uthyrningsomrade-och-tar-aven-pa-oss-renoveringsarbeten\/\" \/>\n<meta property=\"og:locale\" content=\"sv_SE\" \/>\n<meta property=\"og:type\" content=\"article\" \/>\n<meta property=\"og:title\" content=\"Vi ut\u00f6kar v\u00e5rt uthyrningsomr\u00e5de och tar \u00e4ven p\u00e5 oss renoveringsarbeten! &#8226; Selwo Holiday Home\" \/>\n<meta property=\"og:description\" content=\"Efter m\u00e5nga f\u00f6rfr\u00e5gningar, har vi beslutat att ut\u00f6ka v\u00e5rt uthyrningsomr\u00e5de till att omfatta Marbella i \u00f6ster till La Duquesa i v\u00e4st. Detta inneb\u00e4r att\" \/>\n<meta property=\"og:url\" content=\"https:\/\/selwoholidayhome.com\/sv\/selwo-news-sv\/vi-utokar-vart-uthyrningsomrade-och-tar-aven-pa-oss-renoveringsarbeten\/\" \/>\n<meta property=\"og:site_name\" content=\"Selwo Holiday Home\" \/>\n<meta property=\"article:published_time\" content=\"2016-01-17T11:07:48+00:00\" \/>\n<meta property=\"article:modified_time\" content=\"2016-01-17T11:33:19+00:00\" \/>\n<meta property=\"og:image\" content=\"https:\/\/selwoholidayhome.com\/wp-content\/uploads\/2015\/12\/2015-11-22-13.32.21-e1453030006914.jpg\" \/>\n\t<meta property=\"og:image:width\" content=\"2048\" \/>\n\t<meta property=\"og:image:height\" content=\"1365\" \/>\n\t<meta property=\"og:image:type\" content=\"image\/jpeg\" \/>\n<meta name=\"author\" content=\"Mikael Elgstr\u00f6m\" \/>\n<meta name=\"twitter:card\" content=\"summary_large_image\" \/>\n<meta name=\"twitter:label1\" content=\"Skriven av\" \/>\n\t<meta name=\"twitter:data1\" content=\"Mikael Elgstr\u00f6m\" \/>\n<script type=\"application\/ld+json\" class=\"yoast-schema-graph\">{\"@context\":\"https:\/\/schema.org\",\"@graph\":[{\"@type\":\"Article\",\"@id\":\"https:\/\/selwoholidayhome.com\/sv\/selwo-news-sv\/vi-utokar-vart-uthyrningsomrade-och-tar-aven-pa-oss-renoveringsarbeten\/#article\",\"isPartOf\":{\"@id\":\"https:\/\/selwoholidayhome.com\/sv\/selwo-news-sv\/vi-utokar-vart-uthyrningsomrade-och-tar-aven-pa-oss-renoveringsarbeten\/\"},\"author\":{\"name\":\"Mikael Elgstr\u00f6m\",\"@id\":\"https:\/\/selwoholidayhome.com\/#\/schema\/person\/148a4a3091d8a5fd4e56faf4189a82dd\"},\"headline\":\"Vi ut\u00f6kar v\u00e5rt uthyrningsomr\u00e5de och tar \u00e4ven p\u00e5 oss renoveringsarbeten!\",\"datePublished\":\"2016-01-17T11:07:48+00:00\",\"dateModified\":\"2016-01-17T11:33:19+00:00\",\"mainEntityOfPage\":{\"@id\":\"https:\/\/selwoholidayhome.com\/sv\/selwo-news-sv\/vi-utokar-vart-uthyrningsomrade-och-tar-aven-pa-oss-renoveringsarbeten\/\"},\"wordCount\":108,\"commentCount\":0,\"publisher\":{\"@id\":\"https:\/\/selwoholidayhome.com\/#organization\"},\"image\":{\"@id\":\"https:\/\/selwoholidayhome.com\/sv\/selwo-news-sv\/vi-utokar-vart-uthyrningsomrade-och-tar-aven-pa-oss-renoveringsarbeten\/#primaryimage\"},\"thumbnailUrl\":\"https:\/\/selwoholidayhome.com\/wp-content\/uploads\/2015\/12\/2015-11-22-13.32.21-e1453030006914.jpg\",\"articleSection\":[\"Selwo News\"],\"inLanguage\":\"sv-SE\",\"potentialAction\":[{\"@type\":\"CommentAction\",\"name\":\"Comment\",\"target\":[\"https:\/\/selwoholidayhome.com\/sv\/selwo-news-sv\/vi-utokar-vart-uthyrningsomrade-och-tar-aven-pa-oss-renoveringsarbeten\/#respond\"]}]},{\"@type\":\"WebPage\",\"@id\":\"https:\/\/selwoholidayhome.com\/sv\/selwo-news-sv\/vi-utokar-vart-uthyrningsomrade-och-tar-aven-pa-oss-renoveringsarbeten\/\",\"url\":\"https:\/\/selwoholidayhome.com\/sv\/selwo-news-sv\/vi-utokar-vart-uthyrningsomrade-och-tar-aven-pa-oss-renoveringsarbeten\/\",\"name\":\"Vi ut\u00f6kar v\u00e5rt uthyrningsomr\u00e5de och tar \u00e4ven p\u00e5 oss renoveringsarbeten! &#8226; Selwo Holiday Home\",\"isPartOf\":{\"@id\":\"https:\/\/selwoholidayhome.com\/#website\"},\"primaryImageOfPage\":{\"@id\":\"https:\/\/selwoholidayhome.com\/sv\/selwo-news-sv\/vi-utokar-vart-uthyrningsomrade-och-tar-aven-pa-oss-renoveringsarbeten\/#primaryimage\"},\"image\":{\"@id\":\"https:\/\/selwoholidayhome.com\/sv\/selwo-news-sv\/vi-utokar-vart-uthyrningsomrade-och-tar-aven-pa-oss-renoveringsarbeten\/#primaryimage\"},\"thumbnailUrl\":\"https:\/\/selwoholidayhome.com\/wp-content\/uploads\/2015\/12\/2015-11-22-13.32.21-e1453030006914.jpg\",\"datePublished\":\"2016-01-17T11:07:48+00:00\",\"dateModified\":\"2016-01-17T11:33:19+00:00\",\"description\":\"Efter m\u00e5nga f\u00f6rfr\u00e5gningar, har vi beslutat att ut\u00f6ka v\u00e5rt uthyrningsomr\u00e5de till att omfatta Marbella i \u00f6ster till La Duquesa i v\u00e4st. Detta inneb\u00e4r att\",\"breadcrumb\":{\"@id\":\"https:\/\/selwoholidayhome.com\/sv\/selwo-news-sv\/vi-utokar-vart-uthyrningsomrade-och-tar-aven-pa-oss-renoveringsarbeten\/#breadcrumb\"},\"inLanguage\":\"sv-SE\",\"potentialAction\":[{\"@type\":\"ReadAction\",\"target\":[\"https:\/\/selwoholidayhome.com\/sv\/selwo-news-sv\/vi-utokar-vart-uthyrningsomrade-och-tar-aven-pa-oss-renoveringsarbeten\/\"]}]},{\"@type\":\"ImageObject\",\"inLanguage\":\"sv-SE\",\"@id\":\"https:\/\/selwoholidayhome.com\/sv\/selwo-news-sv\/vi-utokar-vart-uthyrningsomrade-och-tar-aven-pa-oss-renoveringsarbeten\/#primaryimage\",\"url\":\"https:\/\/selwoholidayhome.com\/wp-content\/uploads\/2015\/12\/2015-11-22-13.32.21-e1453030006914.jpg\",\"contentUrl\":\"https:\/\/selwoholidayhome.com\/wp-content\/uploads\/2015\/12\/2015-11-22-13.32.21-e1453030006914.jpg\",\"width\":2048,\"height\":1365},{\"@type\":\"BreadcrumbList\",\"@id\":\"https:\/\/selwoholidayhome.com\/sv\/selwo-news-sv\/vi-utokar-vart-uthyrningsomrade-och-tar-aven-pa-oss-renoveringsarbeten\/#breadcrumb\",\"itemListElement\":[{\"@type\":\"ListItem\",\"position\":1,\"name\":\"Home\",\"item\":\"https:\/\/selwoholidayhome.com\/sv\/\"},{\"@type\":\"ListItem\",\"position\":2,\"name\":\"Vi ut\u00f6kar v\u00e5rt uthyrningsomr\u00e5de och tar \u00e4ven p\u00e5 oss renoveringsarbeten!\"}]},{\"@type\":\"WebSite\",\"@id\":\"https:\/\/selwoholidayhome.com\/#website\",\"url\":\"https:\/\/selwoholidayhome.com\/\",\"name\":\"Selwo Holiday Home\",\"description\":\"Apartments for rent on the Costa del Sol\",\"publisher\":{\"@id\":\"https:\/\/selwoholidayhome.com\/#organization\"},\"potentialAction\":[{\"@type\":\"SearchAction\",\"target\":{\"@type\":\"EntryPoint\",\"urlTemplate\":\"https:\/\/selwoholidayhome.com\/?s={search_term_string}\"},\"query-input\":{\"@type\":\"PropertyValueSpecification\",\"valueRequired\":true,\"valueName\":\"search_term_string\"}}],\"inLanguage\":\"sv-SE\"},{\"@type\":\"Organization\",\"@id\":\"https:\/\/selwoholidayhome.com\/#organization\",\"name\":\"Selwo Holiday Home\",\"url\":\"https:\/\/selwoholidayhome.com\/\",\"logo\":{\"@type\":\"ImageObject\",\"inLanguage\":\"sv-SE\",\"@id\":\"https:\/\/selwoholidayhome.com\/#\/schema\/logo\/image\/\",\"url\":\"https:\/\/selwoholidayhome.com\/wp-content\/uploads\/2015\/07\/selwo-logo-01.png\",\"contentUrl\":\"https:\/\/selwoholidayhome.com\/wp-content\/uploads\/2015\/07\/selwo-logo-01.png\",\"width\":317,\"height\":201,\"caption\":\"Selwo Holiday Home\"},\"image\":{\"@id\":\"https:\/\/selwoholidayhome.com\/#\/schema\/logo\/image\/\"}},{\"@type\":\"Person\",\"@id\":\"https:\/\/selwoholidayhome.com\/#\/schema\/person\/148a4a3091d8a5fd4e56faf4189a82dd\",\"name\":\"Mikael Elgstr\u00f6m\",\"url\":\"https:\/\/selwoholidayhome.com\/sv\/author\/mikaele\/\"}]}<\/script>\n<!-- \/ Yoast SEO plugin. -->","yoast_head_json":{"title":"Vi ut\u00f6kar v\u00e5rt uthyrningsomr\u00e5de och tar \u00e4ven p\u00e5 oss renoveringsarbeten! &#8226; Selwo Holiday Home","description":"Efter m\u00e5nga f\u00f6rfr\u00e5gningar, har vi beslutat att ut\u00f6ka v\u00e5rt uthyrningsomr\u00e5de till att omfatta Marbella i \u00f6ster till La Duquesa i v\u00e4st. Detta inneb\u00e4r att","robots":{"index":"index","follow":"follow","max-snippet":"max-snippet:-1","max-image-preview":"max-image-preview:large","max-video-preview":"max-video-preview:-1"},"canonical":"https:\/\/selwoholidayhome.com\/sv\/selwo-news-sv\/vi-utokar-vart-uthyrningsomrade-och-tar-aven-pa-oss-renoveringsarbeten\/","og_locale":"sv_SE","og_type":"article","og_title":"Vi ut\u00f6kar v\u00e5rt uthyrningsomr\u00e5de och tar \u00e4ven p\u00e5 oss renoveringsarbeten! &#8226; Selwo Holiday Home","og_description":"Efter m\u00e5nga f\u00f6rfr\u00e5gningar, har vi beslutat att ut\u00f6ka v\u00e5rt uthyrningsomr\u00e5de till att omfatta Marbella i \u00f6ster till La Duquesa i v\u00e4st. Detta inneb\u00e4r att","og_url":"https:\/\/selwoholidayhome.com\/sv\/selwo-news-sv\/vi-utokar-vart-uthyrningsomrade-och-tar-aven-pa-oss-renoveringsarbeten\/","og_site_name":"Selwo Holiday Home","article_published_time":"2016-01-17T11:07:48+00:00","article_modified_time":"2016-01-17T11:33:19+00:00","og_image":[{"width":2048,"height":1365,"url":"https:\/\/selwoholidayhome.com\/wp-content\/uploads\/2015\/12\/2015-11-22-13.32.21-e1453030006914.jpg","type":"image\/jpeg"}],"author":"Mikael Elgstr\u00f6m","twitter_card":"summary_large_image","twitter_misc":{"Skriven av":"Mikael Elgstr\u00f6m"},"schema":{"@context":"https:\/\/schema.org","@graph":[{"@type":"Article","@id":"https:\/\/selwoholidayhome.com\/sv\/selwo-news-sv\/vi-utokar-vart-uthyrningsomrade-och-tar-aven-pa-oss-renoveringsarbeten\/#article","isPartOf":{"@id":"https:\/\/selwoholidayhome.com\/sv\/selwo-news-sv\/vi-utokar-vart-uthyrningsomrade-och-tar-aven-pa-oss-renoveringsarbeten\/"},"author":{"name":"Mikael Elgstr\u00f6m","@id":"https:\/\/selwoholidayhome.com\/#\/schema\/person\/148a4a3091d8a5fd4e56faf4189a82dd"},"headline":"Vi ut\u00f6kar v\u00e5rt uthyrningsomr\u00e5de och tar \u00e4ven p\u00e5 oss renoveringsarbeten!","datePublished":"2016-01-17T11:07:48+00:00","dateModified":"2016-01-17T11:33:19+00:00","mainEntityOfPage":{"@id":"https:\/\/selwoholidayhome.com\/sv\/selwo-news-sv\/vi-utokar-vart-uthyrningsomrade-och-tar-aven-pa-oss-renoveringsarbeten\/"},"wordCount":108,"commentCount":0,"publisher":{"@id":"https:\/\/selwoholidayhome.com\/#organization"},"image":{"@id":"https:\/\/selwoholidayhome.com\/sv\/selwo-news-sv\/vi-utokar-vart-uthyrningsomrade-och-tar-aven-pa-oss-renoveringsarbeten\/#primaryimage"},"thumbnailUrl":"https:\/\/selwoholidayhome.com\/wp-content\/uploads\/2015\/12\/2015-11-22-13.32.21-e1453030006914.jpg","articleSection":["Selwo News"],"inLanguage":"sv-SE","potentialAction":[{"@type":"CommentAction","name":"Comment","target":["https:\/\/selwoholidayhome.com\/sv\/selwo-news-sv\/vi-utokar-vart-uthyrningsomrade-och-tar-aven-pa-oss-renoveringsarbeten\/#respond"]}]},{"@type":"WebPage","@id":"https:\/\/selwoholidayhome.com\/sv\/selwo-news-sv\/vi-utokar-vart-uthyrningsomrade-och-tar-aven-pa-oss-renoveringsarbeten\/","url":"https:\/\/selwoholidayhome.com\/sv\/selwo-news-sv\/vi-utokar-vart-uthyrningsomrade-och-tar-aven-pa-oss-renoveringsarbeten\/","name":"Vi ut\u00f6kar v\u00e5rt uthyrningsomr\u00e5de och tar \u00e4ven p\u00e5 oss renoveringsarbeten! &#8226; Selwo Holiday Home","isPartOf":{"@id":"https:\/\/selwoholidayhome.com\/#website"},"primaryImageOfPage":{"@id":"https:\/\/selwoholidayhome.com\/sv\/selwo-news-sv\/vi-utokar-vart-uthyrningsomrade-och-tar-aven-pa-oss-renoveringsarbeten\/#primaryimage"},"image":{"@id":"https:\/\/selwoholidayhome.com\/sv\/selwo-news-sv\/vi-utokar-vart-uthyrningsomrade-och-tar-aven-pa-oss-renoveringsarbeten\/#primaryimage"},"thumbnailUrl":"https:\/\/selwoholidayhome.com\/wp-content\/uploads\/2015\/12\/2015-11-22-13.32.21-e1453030006914.jpg","datePublished":"2016-01-17T11:07:48+00:00","dateModified":"2016-01-17T11:33:19+00:00","description":"Efter m\u00e5nga f\u00f6rfr\u00e5gningar, har vi beslutat att ut\u00f6ka v\u00e5rt uthyrningsomr\u00e5de till att omfatta Marbella i \u00f6ster till La Duquesa i v\u00e4st. Detta inneb\u00e4r att","breadcrumb":{"@id":"https:\/\/selwoholidayhome.com\/sv\/selwo-news-sv\/vi-utokar-vart-uthyrningsomrade-och-tar-aven-pa-oss-renoveringsarbeten\/#breadcrumb"},"inLanguage":"sv-SE","potentialAction":[{"@type":"ReadAction","target":["https:\/\/selwoholidayhome.com\/sv\/selwo-news-sv\/vi-utokar-vart-uthyrningsomrade-och-tar-aven-pa-oss-renoveringsarbeten\/"]}]},{"@type":"ImageObject","inLanguage":"sv-SE","@id":"https:\/\/selwoholidayhome.com\/sv\/selwo-news-sv\/vi-utokar-vart-uthyrningsomrade-och-tar-aven-pa-oss-renoveringsarbeten\/#primaryimage","url":"https:\/\/selwoholidayhome.com\/wp-content\/uploads\/2015\/12\/2015-11-22-13.32.21-e1453030006914.jpg","contentUrl":"https:\/\/selwoholidayhome.com\/wp-content\/uploads\/2015\/12\/2015-11-22-13.32.21-e1453030006914.jpg","width":2048,"height":1365},{"@type":"BreadcrumbList","@id":"https:\/\/selwoholidayhome.com\/sv\/selwo-news-sv\/vi-utokar-vart-uthyrningsomrade-och-tar-aven-pa-oss-renoveringsarbeten\/#breadcrumb","itemListElement":[{"@type":"ListItem","position":1,"name":"Home","item":"https:\/\/selwoholidayhome.com\/sv\/"},{"@type":"ListItem","position":2,"name":"Vi ut\u00f6kar v\u00e5rt uthyrningsomr\u00e5de och tar \u00e4ven p\u00e5 oss renoveringsarbeten!"}]},{"@type":"WebSite","@id":"https:\/\/selwoholidayhome.com\/#website","url":"https:\/\/selwoholidayhome.com\/","name":"Selwo Holiday Home","description":"Apartments for rent on the Costa del Sol","publisher":{"@id":"https:\/\/selwoholidayhome.com\/#organization"},"potentialAction":[{"@type":"SearchAction","target":{"@type":"EntryPoint","urlTemplate":"https:\/\/selwoholidayhome.com\/?s={search_term_string}"},"query-input":{"@type":"PropertyValueSpecification","valueRequired":true,"valueName":"search_term_string"}}],"inLanguage":"sv-SE"},{"@type":"Organization","@id":"https:\/\/selwoholidayhome.com\/#organization","name":"Selwo Holiday Home","url":"https:\/\/selwoholidayhome.com\/","logo":{"@type":"ImageObject","inLanguage":"sv-SE","@id":"https:\/\/selwoholidayhome.com\/#\/schema\/logo\/image\/","url":"https:\/\/selwoholidayhome.com\/wp-content\/uploads\/2015\/07\/selwo-logo-01.png","contentUrl":"https:\/\/selwoholidayhome.com\/wp-content\/uploads\/2015\/07\/selwo-logo-01.png","width":317,"height":201,"caption":"Selwo Holiday Home"},"image":{"@id":"https:\/\/selwoholidayhome.com\/#\/schema\/logo\/image\/"}},{"@type":"Person","@id":"https:\/\/selwoholidayhome.com\/#\/schema\/person\/148a4a3091d8a5fd4e56faf4189a82dd","name":"Mikael Elgstr\u00f6m","url":"https:\/\/selwoholidayhome.com\/sv\/author\/mikaele\/"}]}},"_links":{"self":[{"href":"https:\/\/selwoholidayhome.com\/sv\/wp-json\/wp\/v2\/posts\/9277","targetHints":{"allow":["GET"]}}],"collection":[{"href":"https:\/\/selwoholidayhome.com\/sv\/wp-json\/wp\/v2\/posts"}],"about":[{"href":"https:\/\/selwoholidayhome.com\/sv\/wp-json\/wp\/v2\/types\/post"}],"author":[{"embeddable":true,"href":"https:\/\/selwoholidayhome.com\/sv\/wp-json\/wp\/v2\/users\/5"}],"replies":[{"embeddable":true,"href":"https:\/\/selwoholidayhome.com\/sv\/wp-json\/wp\/v2\/comments?post=9277"}],"version-history":[{"count":4,"href":"https:\/\/selwoholidayhome.com\/sv\/wp-json\/wp\/v2\/posts\/9277\/revisions"}],"predecessor-version":[{"id":9284,"href":"https:\/\/selwoholidayhome.com\/sv\/wp-json\/wp\/v2\/posts\/9277\/revisions\/9284"}],"wp:featuredmedia":[{"embeddable":true,"href":"https:\/\/selwoholidayhome.com\/sv\/wp-json\/wp\/v2\/media\/9123"}],"wp:attachment":[{"href":"https:\/\/selwoholidayhome.com\/sv\/wp-json\/wp\/v2\/media?parent=9277"}],"wp:term":[{"taxonomy":"category","embeddable":true,"href":"https:\/\/selwoholidayhome.com\/sv\/wp-json\/wp\/v2\/categories?post=9277"},{"taxonomy":"post_tag","embeddable":true,"href":"https:\/\/selwoholidayhome.com\/sv\/wp-json\/wp\/v2\/tags?post=9277"}],"curies":[{"name":"wp","href":"https:\/\/api.w.org\/{rel}","templated":true}]}}