{"id":9041,"date":"2015-11-23T09:12:57","date_gmt":"2015-11-23T09:12:57","guid":{"rendered":"http:\/\/selwoholidayhome.com\/sv\/a-spacious-villa-with-private-pool-for-rental-between-marbella-and-estepona\/"},"modified":"2015-11-23T10:16:45","modified_gmt":"2015-11-23T10:16:45","slug":"a-spacious-villa-with-private-pool-for-rental-between-marbella-and-estepona","status":"publish","type":"post","link":"https:\/\/selwoholidayhome.com\/sv\/selwo-news-sv\/a-spacious-villa-with-private-pool-for-rental-between-marbella-and-estepona\/","title":{"rendered":"En villa med gener\u00f6sa utrymmen och egen pool till uthyrning mellan Marbella och Estepona!"},"content":{"rendered":"<p>Villa med h\u00f6g standard, gener\u00f6sa ytor och helt ny inredning.<br \/>\nGated community och granne med La Resina Golf som \u00e4r en v\u00e4lunderh\u00e5llen 9-h\u00e5lsbana.<br \/>\nFullt utrustat modernt k\u00f6k, stort vardagsrum med matplats f\u00f6r \u00e5tta personer och direktaccess till rymlig terass i v\u00e4ster med gasolgrill. \u00d6verv\u00e5ning med masterbedroom med egen terass och badrum, ytterligare tv\u00e5 sovrum och ett badrum. P\u00e5 k\u00e4llarplanet finns tv\u00e4ttstuga och stora f\u00f6rvaringsm\u00f6jligheter f\u00f6r golfklubbor, cyklar eller annan utrustning. H\u00e4r finns \u00e4ven ett extra sovrum med en queensizes\u00e4ng och eget badrum.<br \/>\nTillg\u00e5ng till spj\u00e4ls\u00e4ng, matstol o dyl.<br \/>\nPrivat pool (st\u00e4ngd nov.-mars) och tr\u00e4dg\u00e5rd samt tillg\u00e5ng till urbanisationens poolomr\u00e5de.<\/p>\n","protected":false},"excerpt":{"rendered":"<p>Villa med h\u00f6g standard, gener\u00f6sa ytor och helt ny inredning. Gated community och granne med La Resina Golf som \u00e4r en v\u00e4lunderh\u00e5llen 9-h\u00e5lsbana. Fullt utrustat modernt k\u00f6k, stort vardagsrum med matplats f\u00f6r \u00e5tta personer och direktaccess till rymlig terass i v\u00e4ster med gasolgrill. \u00d6verv\u00e5ning med masterbedroom med egen terass och badrum, ytterligare tv\u00e5 sovrum och ett badrum. P\u00e5 k\u00e4llarplanet finns&#8230;<\/p>\n<div><a href=\"https:\/\/selwoholidayhome.com\/sv\/selwo-news-sv\/a-spacious-villa-with-private-pool-for-rental-between-marbella-and-estepona\/\" class=\"read-more\">L\u00e4s Mer  <i class=\"fa fa-arrow-circle-o-right\"><\/i><\/a><\/div>\n","protected":false},"author":5,"featured_media":9044,"comment_status":"open","ping_status":"open","sticky":false,"template":"","format":"standard","meta":{"footnotes":""},"categories":[121],"tags":[],"class_list":["post-9041","post","type-post","status-publish","format-standard","has-post-thumbnail","hentry","category-selwo-news-sv","has-featured"],"yoast_head":"<!-- This site is optimized with the Yoast SEO plugin v26.0 - https:\/\/yoast.com\/wordpress\/plugins\/seo\/ -->\n<title>En villa med gener\u00f6sa utrymmen och egen pool till uthyrning mellan Marbella och Estepona! &#8226; Selwo Holiday Home<\/title>\n<meta name=\"description\" content=\"Villa med h\u00f6g standard, gener\u00f6sa ytor och helt ny inredning. Gated community och granne med La Resina Golf som \u00e4r en v\u00e4lunderh\u00e5llen 9-h\u00e5lsbana. Fullt\" \/>\n<meta name=\"robots\" content=\"index, follow, max-snippet:-1, max-image-preview:large, max-video-preview:-1\" \/>\n<link rel=\"canonical\" href=\"https:\/\/selwoholidayhome.com\/sv\/selwo-news-sv\/a-spacious-villa-with-private-pool-for-rental-between-marbella-and-estepona\/\" \/>\n<meta property=\"og:locale\" content=\"sv_SE\" \/>\n<meta property=\"og:type\" content=\"article\" \/>\n<meta property=\"og:title\" content=\"En villa med gener\u00f6sa utrymmen och egen pool till uthyrning mellan Marbella och Estepona! &#8226; Selwo Holiday Home\" \/>\n<meta property=\"og:description\" content=\"Villa med h\u00f6g standard, gener\u00f6sa ytor och helt ny inredning. Gated community och granne med La Resina Golf som \u00e4r en v\u00e4lunderh\u00e5llen 9-h\u00e5lsbana. Fullt\" \/>\n<meta property=\"og:url\" content=\"https:\/\/selwoholidayhome.com\/sv\/selwo-news-sv\/a-spacious-villa-with-private-pool-for-rental-between-marbella-and-estepona\/\" \/>\n<meta property=\"og:site_name\" content=\"Selwo Holiday Home\" \/>\n<meta property=\"article:published_time\" content=\"2015-11-23T09:12:57+00:00\" \/>\n<meta property=\"article:modified_time\" content=\"2015-11-23T10:16:45+00:00\" \/>\n<meta property=\"og:image\" content=\"https:\/\/selwoholidayhome.com\/wp-content\/uploads\/2015\/11\/2015-11-19-1920x1280.jpg\" \/>\n\t<meta property=\"og:image:width\" content=\"1920\" \/>\n\t<meta property=\"og:image:height\" content=\"1280\" \/>\n\t<meta property=\"og:image:type\" content=\"image\/jpeg\" \/>\n<meta name=\"author\" content=\"Mikael Elgstr\u00f6m\" \/>\n<meta name=\"twitter:card\" content=\"summary_large_image\" \/>\n<meta name=\"twitter:label1\" content=\"Skriven av\" \/>\n\t<meta name=\"twitter:data1\" content=\"Mikael Elgstr\u00f6m\" \/>\n\t<meta name=\"twitter:label2\" content=\"Ber\u00e4knad l\u00e4stid\" \/>\n\t<meta name=\"twitter:data2\" content=\"1 minut\" \/>\n<script type=\"application\/ld+json\" class=\"yoast-schema-graph\">{\"@context\":\"https:\/\/schema.org\",\"@graph\":[{\"@type\":\"Article\",\"@id\":\"https:\/\/selwoholidayhome.com\/sv\/selwo-news-sv\/a-spacious-villa-with-private-pool-for-rental-between-marbella-and-estepona\/#article\",\"isPartOf\":{\"@id\":\"https:\/\/selwoholidayhome.com\/sv\/selwo-news-sv\/a-spacious-villa-with-private-pool-for-rental-between-marbella-and-estepona\/\"},\"author\":{\"name\":\"Mikael Elgstr\u00f6m\",\"@id\":\"https:\/\/selwoholidayhome.com\/#\/schema\/person\/148a4a3091d8a5fd4e56faf4189a82dd\"},\"headline\":\"En villa med gener\u00f6sa utrymmen och egen pool till uthyrning mellan Marbella och Estepona!\",\"datePublished\":\"2015-11-23T09:12:57+00:00\",\"dateModified\":\"2015-11-23T10:16:45+00:00\",\"mainEntityOfPage\":{\"@id\":\"https:\/\/selwoholidayhome.com\/sv\/selwo-news-sv\/a-spacious-villa-with-private-pool-for-rental-between-marbella-and-estepona\/\"},\"wordCount\":139,\"commentCount\":0,\"publisher\":{\"@id\":\"https:\/\/selwoholidayhome.com\/#organization\"},\"image\":{\"@id\":\"https:\/\/selwoholidayhome.com\/sv\/selwo-news-sv\/a-spacious-villa-with-private-pool-for-rental-between-marbella-and-estepona\/#primaryimage\"},\"thumbnailUrl\":\"https:\/\/selwoholidayhome.com\/wp-content\/uploads\/2015\/11\/2015-11-19.jpg\",\"articleSection\":[\"Selwo News\"],\"inLanguage\":\"sv-SE\",\"potentialAction\":[{\"@type\":\"CommentAction\",\"name\":\"Comment\",\"target\":[\"https:\/\/selwoholidayhome.com\/sv\/selwo-news-sv\/a-spacious-villa-with-private-pool-for-rental-between-marbella-and-estepona\/#respond\"]}]},{\"@type\":\"WebPage\",\"@id\":\"https:\/\/selwoholidayhome.com\/sv\/selwo-news-sv\/a-spacious-villa-with-private-pool-for-rental-between-marbella-and-estepona\/\",\"url\":\"https:\/\/selwoholidayhome.com\/sv\/selwo-news-sv\/a-spacious-villa-with-private-pool-for-rental-between-marbella-and-estepona\/\",\"name\":\"En villa med gener\u00f6sa utrymmen och egen pool till uthyrning mellan Marbella och Estepona! &#8226; Selwo Holiday Home\",\"isPartOf\":{\"@id\":\"https:\/\/selwoholidayhome.com\/#website\"},\"primaryImageOfPage\":{\"@id\":\"https:\/\/selwoholidayhome.com\/sv\/selwo-news-sv\/a-spacious-villa-with-private-pool-for-rental-between-marbella-and-estepona\/#primaryimage\"},\"image\":{\"@id\":\"https:\/\/selwoholidayhome.com\/sv\/selwo-news-sv\/a-spacious-villa-with-private-pool-for-rental-between-marbella-and-estepona\/#primaryimage\"},\"thumbnailUrl\":\"https:\/\/selwoholidayhome.com\/wp-content\/uploads\/2015\/11\/2015-11-19.jpg\",\"datePublished\":\"2015-11-23T09:12:57+00:00\",\"dateModified\":\"2015-11-23T10:16:45+00:00\",\"description\":\"Villa med h\u00f6g standard, gener\u00f6sa ytor och helt ny inredning. Gated community och granne med La Resina Golf som \u00e4r en v\u00e4lunderh\u00e5llen 9-h\u00e5lsbana. Fullt\",\"breadcrumb\":{\"@id\":\"https:\/\/selwoholidayhome.com\/sv\/selwo-news-sv\/a-spacious-villa-with-private-pool-for-rental-between-marbella-and-estepona\/#breadcrumb\"},\"inLanguage\":\"sv-SE\",\"potentialAction\":[{\"@type\":\"ReadAction\",\"target\":[\"https:\/\/selwoholidayhome.com\/sv\/selwo-news-sv\/a-spacious-villa-with-private-pool-for-rental-between-marbella-and-estepona\/\"]}]},{\"@type\":\"ImageObject\",\"inLanguage\":\"sv-SE\",\"@id\":\"https:\/\/selwoholidayhome.com\/sv\/selwo-news-sv\/a-spacious-villa-with-private-pool-for-rental-between-marbella-and-estepona\/#primaryimage\",\"url\":\"https:\/\/selwoholidayhome.com\/wp-content\/uploads\/2015\/11\/2015-11-19.jpg\",\"contentUrl\":\"https:\/\/selwoholidayhome.com\/wp-content\/uploads\/2015\/11\/2015-11-19.jpg\",\"width\":2048,\"height\":1365},{\"@type\":\"BreadcrumbList\",\"@id\":\"https:\/\/selwoholidayhome.com\/sv\/selwo-news-sv\/a-spacious-villa-with-private-pool-for-rental-between-marbella-and-estepona\/#breadcrumb\",\"itemListElement\":[{\"@type\":\"ListItem\",\"position\":1,\"name\":\"Home\",\"item\":\"https:\/\/selwoholidayhome.com\/sv\/\"},{\"@type\":\"ListItem\",\"position\":2,\"name\":\"En villa med gener\u00f6sa utrymmen och egen pool till uthyrning mellan Marbella och Estepona!\"}]},{\"@type\":\"WebSite\",\"@id\":\"https:\/\/selwoholidayhome.com\/#website\",\"url\":\"https:\/\/selwoholidayhome.com\/\",\"name\":\"Selwo Holiday Home\",\"description\":\"Apartments for rent on the Costa del Sol\",\"publisher\":{\"@id\":\"https:\/\/selwoholidayhome.com\/#organization\"},\"potentialAction\":[{\"@type\":\"SearchAction\",\"target\":{\"@type\":\"EntryPoint\",\"urlTemplate\":\"https:\/\/selwoholidayhome.com\/?s={search_term_string}\"},\"query-input\":{\"@type\":\"PropertyValueSpecification\",\"valueRequired\":true,\"valueName\":\"search_term_string\"}}],\"inLanguage\":\"sv-SE\"},{\"@type\":\"Organization\",\"@id\":\"https:\/\/selwoholidayhome.com\/#organization\",\"name\":\"Selwo Holiday Home\",\"url\":\"https:\/\/selwoholidayhome.com\/\",\"logo\":{\"@type\":\"ImageObject\",\"inLanguage\":\"sv-SE\",\"@id\":\"https:\/\/selwoholidayhome.com\/#\/schema\/logo\/image\/\",\"url\":\"https:\/\/selwoholidayhome.com\/wp-content\/uploads\/2015\/07\/selwo-logo-01.png\",\"contentUrl\":\"https:\/\/selwoholidayhome.com\/wp-content\/uploads\/2015\/07\/selwo-logo-01.png\",\"width\":317,\"height\":201,\"caption\":\"Selwo Holiday Home\"},\"image\":{\"@id\":\"https:\/\/selwoholidayhome.com\/#\/schema\/logo\/image\/\"}},{\"@type\":\"Person\",\"@id\":\"https:\/\/selwoholidayhome.com\/#\/schema\/person\/148a4a3091d8a5fd4e56faf4189a82dd\",\"name\":\"Mikael Elgstr\u00f6m\",\"url\":\"https:\/\/selwoholidayhome.com\/sv\/author\/mikaele\/\"}]}<\/script>\n<!-- \/ Yoast SEO plugin. -->","yoast_head_json":{"title":"En villa med gener\u00f6sa utrymmen och egen pool till uthyrning mellan Marbella och Estepona! &#8226; Selwo Holiday Home","description":"Villa med h\u00f6g standard, gener\u00f6sa ytor och helt ny inredning. Gated community och granne med La Resina Golf som \u00e4r en v\u00e4lunderh\u00e5llen 9-h\u00e5lsbana. Fullt","robots":{"index":"index","follow":"follow","max-snippet":"max-snippet:-1","max-image-preview":"max-image-preview:large","max-video-preview":"max-video-preview:-1"},"canonical":"https:\/\/selwoholidayhome.com\/sv\/selwo-news-sv\/a-spacious-villa-with-private-pool-for-rental-between-marbella-and-estepona\/","og_locale":"sv_SE","og_type":"article","og_title":"En villa med gener\u00f6sa utrymmen och egen pool till uthyrning mellan Marbella och Estepona! &#8226; Selwo Holiday Home","og_description":"Villa med h\u00f6g standard, gener\u00f6sa ytor och helt ny inredning. Gated community och granne med La Resina Golf som \u00e4r en v\u00e4lunderh\u00e5llen 9-h\u00e5lsbana. Fullt","og_url":"https:\/\/selwoholidayhome.com\/sv\/selwo-news-sv\/a-spacious-villa-with-private-pool-for-rental-between-marbella-and-estepona\/","og_site_name":"Selwo Holiday Home","article_published_time":"2015-11-23T09:12:57+00:00","article_modified_time":"2015-11-23T10:16:45+00:00","og_image":[{"width":1920,"height":1280,"url":"https:\/\/selwoholidayhome.com\/wp-content\/uploads\/2015\/11\/2015-11-19-1920x1280.jpg","type":"image\/jpeg"}],"author":"Mikael Elgstr\u00f6m","twitter_card":"summary_large_image","twitter_misc":{"Skriven av":"Mikael Elgstr\u00f6m","Ber\u00e4knad l\u00e4stid":"1 minut"},"schema":{"@context":"https:\/\/schema.org","@graph":[{"@type":"Article","@id":"https:\/\/selwoholidayhome.com\/sv\/selwo-news-sv\/a-spacious-villa-with-private-pool-for-rental-between-marbella-and-estepona\/#article","isPartOf":{"@id":"https:\/\/selwoholidayhome.com\/sv\/selwo-news-sv\/a-spacious-villa-with-private-pool-for-rental-between-marbella-and-estepona\/"},"author":{"name":"Mikael Elgstr\u00f6m","@id":"https:\/\/selwoholidayhome.com\/#\/schema\/person\/148a4a3091d8a5fd4e56faf4189a82dd"},"headline":"En villa med gener\u00f6sa utrymmen och egen pool till uthyrning mellan Marbella och Estepona!","datePublished":"2015-11-23T09:12:57+00:00","dateModified":"2015-11-23T10:16:45+00:00","mainEntityOfPage":{"@id":"https:\/\/selwoholidayhome.com\/sv\/selwo-news-sv\/a-spacious-villa-with-private-pool-for-rental-between-marbella-and-estepona\/"},"wordCount":139,"commentCount":0,"publisher":{"@id":"https:\/\/selwoholidayhome.com\/#organization"},"image":{"@id":"https:\/\/selwoholidayhome.com\/sv\/selwo-news-sv\/a-spacious-villa-with-private-pool-for-rental-between-marbella-and-estepona\/#primaryimage"},"thumbnailUrl":"https:\/\/selwoholidayhome.com\/wp-content\/uploads\/2015\/11\/2015-11-19.jpg","articleSection":["Selwo News"],"inLanguage":"sv-SE","potentialAction":[{"@type":"CommentAction","name":"Comment","target":["https:\/\/selwoholidayhome.com\/sv\/selwo-news-sv\/a-spacious-villa-with-private-pool-for-rental-between-marbella-and-estepona\/#respond"]}]},{"@type":"WebPage","@id":"https:\/\/selwoholidayhome.com\/sv\/selwo-news-sv\/a-spacious-villa-with-private-pool-for-rental-between-marbella-and-estepona\/","url":"https:\/\/selwoholidayhome.com\/sv\/selwo-news-sv\/a-spacious-villa-with-private-pool-for-rental-between-marbella-and-estepona\/","name":"En villa med gener\u00f6sa utrymmen och egen pool till uthyrning mellan Marbella och Estepona! &#8226; Selwo Holiday Home","isPartOf":{"@id":"https:\/\/selwoholidayhome.com\/#website"},"primaryImageOfPage":{"@id":"https:\/\/selwoholidayhome.com\/sv\/selwo-news-sv\/a-spacious-villa-with-private-pool-for-rental-between-marbella-and-estepona\/#primaryimage"},"image":{"@id":"https:\/\/selwoholidayhome.com\/sv\/selwo-news-sv\/a-spacious-villa-with-private-pool-for-rental-between-marbella-and-estepona\/#primaryimage"},"thumbnailUrl":"https:\/\/selwoholidayhome.com\/wp-content\/uploads\/2015\/11\/2015-11-19.jpg","datePublished":"2015-11-23T09:12:57+00:00","dateModified":"2015-11-23T10:16:45+00:00","description":"Villa med h\u00f6g standard, gener\u00f6sa ytor och helt ny inredning. Gated community och granne med La Resina Golf som \u00e4r en v\u00e4lunderh\u00e5llen 9-h\u00e5lsbana. Fullt","breadcrumb":{"@id":"https:\/\/selwoholidayhome.com\/sv\/selwo-news-sv\/a-spacious-villa-with-private-pool-for-rental-between-marbella-and-estepona\/#breadcrumb"},"inLanguage":"sv-SE","potentialAction":[{"@type":"ReadAction","target":["https:\/\/selwoholidayhome.com\/sv\/selwo-news-sv\/a-spacious-villa-with-private-pool-for-rental-between-marbella-and-estepona\/"]}]},{"@type":"ImageObject","inLanguage":"sv-SE","@id":"https:\/\/selwoholidayhome.com\/sv\/selwo-news-sv\/a-spacious-villa-with-private-pool-for-rental-between-marbella-and-estepona\/#primaryimage","url":"https:\/\/selwoholidayhome.com\/wp-content\/uploads\/2015\/11\/2015-11-19.jpg","contentUrl":"https:\/\/selwoholidayhome.com\/wp-content\/uploads\/2015\/11\/2015-11-19.jpg","width":2048,"height":1365},{"@type":"BreadcrumbList","@id":"https:\/\/selwoholidayhome.com\/sv\/selwo-news-sv\/a-spacious-villa-with-private-pool-for-rental-between-marbella-and-estepona\/#breadcrumb","itemListElement":[{"@type":"ListItem","position":1,"name":"Home","item":"https:\/\/selwoholidayhome.com\/sv\/"},{"@type":"ListItem","position":2,"name":"En villa med gener\u00f6sa utrymmen och egen pool till uthyrning mellan Marbella och Estepona!"}]},{"@type":"WebSite","@id":"https:\/\/selwoholidayhome.com\/#website","url":"https:\/\/selwoholidayhome.com\/","name":"Selwo Holiday Home","description":"Apartments for rent on the Costa del Sol","publisher":{"@id":"https:\/\/selwoholidayhome.com\/#organization"},"potentialAction":[{"@type":"SearchAction","target":{"@type":"EntryPoint","urlTemplate":"https:\/\/selwoholidayhome.com\/?s={search_term_string}"},"query-input":{"@type":"PropertyValueSpecification","valueRequired":true,"valueName":"search_term_string"}}],"inLanguage":"sv-SE"},{"@type":"Organization","@id":"https:\/\/selwoholidayhome.com\/#organization","name":"Selwo Holiday Home","url":"https:\/\/selwoholidayhome.com\/","logo":{"@type":"ImageObject","inLanguage":"sv-SE","@id":"https:\/\/selwoholidayhome.com\/#\/schema\/logo\/image\/","url":"https:\/\/selwoholidayhome.com\/wp-content\/uploads\/2015\/07\/selwo-logo-01.png","contentUrl":"https:\/\/selwoholidayhome.com\/wp-content\/uploads\/2015\/07\/selwo-logo-01.png","width":317,"height":201,"caption":"Selwo Holiday Home"},"image":{"@id":"https:\/\/selwoholidayhome.com\/#\/schema\/logo\/image\/"}},{"@type":"Person","@id":"https:\/\/selwoholidayhome.com\/#\/schema\/person\/148a4a3091d8a5fd4e56faf4189a82dd","name":"Mikael Elgstr\u00f6m","url":"https:\/\/selwoholidayhome.com\/sv\/author\/mikaele\/"}]}},"_links":{"self":[{"href":"https:\/\/selwoholidayhome.com\/sv\/wp-json\/wp\/v2\/posts\/9041","targetHints":{"allow":["GET"]}}],"collection":[{"href":"https:\/\/selwoholidayhome.com\/sv\/wp-json\/wp\/v2\/posts"}],"about":[{"href":"https:\/\/selwoholidayhome.com\/sv\/wp-json\/wp\/v2\/types\/post"}],"author":[{"embeddable":true,"href":"https:\/\/selwoholidayhome.com\/sv\/wp-json\/wp\/v2\/users\/5"}],"replies":[{"embeddable":true,"href":"https:\/\/selwoholidayhome.com\/sv\/wp-json\/wp\/v2\/comments?post=9041"}],"version-history":[{"count":2,"href":"https:\/\/selwoholidayhome.com\/sv\/wp-json\/wp\/v2\/posts\/9041\/revisions"}],"predecessor-version":[{"id":9043,"href":"https:\/\/selwoholidayhome.com\/sv\/wp-json\/wp\/v2\/posts\/9041\/revisions\/9043"}],"wp:featuredmedia":[{"embeddable":true,"href":"https:\/\/selwoholidayhome.com\/sv\/wp-json\/wp\/v2\/media\/9044"}],"wp:attachment":[{"href":"https:\/\/selwoholidayhome.com\/sv\/wp-json\/wp\/v2\/media?parent=9041"}],"wp:term":[{"taxonomy":"category","embeddable":true,"href":"https:\/\/selwoholidayhome.com\/sv\/wp-json\/wp\/v2\/categories?post=9041"},{"taxonomy":"post_tag","embeddable":true,"href":"https:\/\/selwoholidayhome.com\/sv\/wp-json\/wp\/v2\/tags?post=9041"}],"curies":[{"name":"wp","href":"https:\/\/api.w.org\/{rel}","templated":true}]}}