{"id":8831,"date":"2015-11-08T22:18:44","date_gmt":"2015-11-08T22:18:44","guid":{"rendered":"http:\/\/selwoholidayhome.com\/sv\/a-new-rental-object-at-selwo-hills-is-on-our-website\/"},"modified":"2015-11-08T22:24:10","modified_gmt":"2015-11-08T22:24:10","slug":"a-new-rental-object-at-selwo-hills-is-on-our-website","status":"publish","type":"post","link":"https:\/\/selwoholidayhome.com\/sv\/selwo-news-sv\/a-new-rental-object-at-selwo-hills-is-on-our-website\/","title":{"rendered":"Ett nytt objekt till uthyrning p\u00e5 Selwo Hills finns nu p\u00e5 v\u00e5r hemsida!"},"content":{"rendered":"<p><span class=\"hps\">Denna takv\u00e5ning<\/span>\u00a0<span class=\"hps\">har en<\/span>\u00a0<span class=\"hps\">fantastisk utsikt \u00f6ver<\/span> <span class=\"hps\">Medelhavet och<\/span> <span class=\"hps\">upp till bergen.<\/span>\u00a0<span class=\"hps\">H\u00f6rnl\u00e4genheten<\/span> <span class=\"hps\">ligger<\/span> <span class=\"hps\">i omr\u00e5det<\/span> <span class=\"hps\">Selwo<\/span> <span class=\"hps\">Hills<\/span>. <span class=\"hps\">L\u00e4genheten<\/span> <span class=\"hps\">har<\/span> <span class=\"hps\">en smakfull<\/span>\u00a0<span class=\"hps\">planl\u00f6sning<\/span> <span class=\"hps\">med<\/span> <span class=\"hps\">tv\u00e5<\/span> <span class=\"hps\">sovrum<\/span>, <span class=\"hps\">vardagsrum<\/span> <span class=\"hps\">och<\/span> <span class=\"hps\">k\u00f6k<\/span>, f\u00f6rdelat p\u00e5 <span class=\"hps\">93m2<\/span> <span class=\"hps\">och<\/span> <span class=\"hps\">tre<\/span> <span class=\"hps\">terrasser<\/span> p\u00e5 <span class=\"hps\">totalt<\/span> <span class=\"hps\">70m2<\/span>. <span class=\"hps\">Tr\u00e4dg\u00e5rden \u00e4r<\/span> <span class=\"hps\">vackert utformad och<\/span> <span class=\"hps\">har<\/span> <span class=\"hps\">gott om plats<\/span> <span class=\"hps\">f\u00f6r avkoppling<\/span> <span class=\"hps\">runt poolen<\/span>.<\/p>\n<p><span class=\"hps\">I omr\u00e5det<\/span>\u00a0<span class=\"hps\">finns ocks\u00e5 ett gym<\/span> <span class=\"hps\">och<\/span> <span class=\"hps\">bastu<\/span>.<br \/>\n<span class=\"hps\">En<\/span>dast n\u00e5gra minuters<span class=\"hps\">\u00a0promenad<\/span> i<span class=\"hps\">fr\u00e5n<\/span> Selwo Hills ligger <span class=\"hps\">La<\/span> <span class=\"hps\">Resina Golfs<\/span>\u00a0<span class=\"hps\">9<\/span> <span class=\"hps\">h\u00e5ls golfbana<\/span> <span class=\"hps\">och det \u00e4r \u00e4ven n\u00e4ra<\/span> <span class=\"hps\">till flera<\/span>\u00a0<span class=\"hps\">andra<\/span> <span class=\"hps\">golfbanor<\/span>.<\/p>\n","protected":false},"excerpt":{"rendered":"<p>Denna takv\u00e5ning\u00a0har en\u00a0fantastisk utsikt \u00f6ver Medelhavet och upp till bergen.\u00a0H\u00f6rnl\u00e4genheten ligger i omr\u00e5det Selwo Hills. L\u00e4genheten har en smakfull\u00a0planl\u00f6sning med tv\u00e5 sovrum, vardagsrum och k\u00f6k, f\u00f6rdelat p\u00e5 93m2 och tre terrasser p\u00e5 totalt 70m2. Tr\u00e4dg\u00e5rden \u00e4r vackert utformad och har gott om plats f\u00f6r avkoppling runt poolen. I omr\u00e5det\u00a0finns ocks\u00e5 ett gym och bastu. Endast n\u00e5gra minuters\u00a0promenad ifr\u00e5n Selwo Hills&#8230;<\/p>\n<div><a href=\"https:\/\/selwoholidayhome.com\/sv\/selwo-news-sv\/a-new-rental-object-at-selwo-hills-is-on-our-website\/\" class=\"read-more\">L\u00e4s Mer  <i class=\"fa fa-arrow-circle-o-right\"><\/i><\/a><\/div>\n","protected":false},"author":5,"featured_media":0,"comment_status":"open","ping_status":"open","sticky":false,"template":"","format":"standard","meta":{"footnotes":""},"categories":[121],"tags":[],"class_list":["post-8831","post","type-post","status-publish","format-standard","hentry","category-selwo-news-sv","no-featured"],"yoast_head":"<!-- This site is optimized with the Yoast SEO plugin v26.0 - https:\/\/yoast.com\/wordpress\/plugins\/seo\/ -->\n<title>Ett nytt objekt till uthyrning p\u00e5 Selwo Hills finns nu p\u00e5 v\u00e5r hemsida! &#8226; Selwo Holiday Home<\/title>\n<meta name=\"description\" content=\"Denna takv\u00e5ning\u00a0har en\u00a0fantastisk utsikt \u00f6ver Medelhavet och upp till bergen.\u00a0H\u00f6rnl\u00e4genheten ligger i omr\u00e5det Selwo Hills. L\u00e4genheten har en\" \/>\n<meta name=\"robots\" content=\"index, follow, max-snippet:-1, max-image-preview:large, max-video-preview:-1\" \/>\n<link rel=\"canonical\" href=\"https:\/\/selwoholidayhome.com\/sv\/selwo-news-sv\/a-new-rental-object-at-selwo-hills-is-on-our-website\/\" \/>\n<meta property=\"og:locale\" content=\"sv_SE\" \/>\n<meta property=\"og:type\" content=\"article\" \/>\n<meta property=\"og:title\" content=\"Ett nytt objekt till uthyrning p\u00e5 Selwo Hills finns nu p\u00e5 v\u00e5r hemsida! &#8226; Selwo Holiday Home\" \/>\n<meta property=\"og:description\" content=\"Denna takv\u00e5ning\u00a0har en\u00a0fantastisk utsikt \u00f6ver Medelhavet och upp till bergen.\u00a0H\u00f6rnl\u00e4genheten ligger i omr\u00e5det Selwo Hills. L\u00e4genheten har en\" \/>\n<meta property=\"og:url\" content=\"https:\/\/selwoholidayhome.com\/sv\/selwo-news-sv\/a-new-rental-object-at-selwo-hills-is-on-our-website\/\" \/>\n<meta property=\"og:site_name\" content=\"Selwo Holiday Home\" \/>\n<meta property=\"article:published_time\" content=\"2015-11-08T22:18:44+00:00\" \/>\n<meta property=\"article:modified_time\" content=\"2015-11-08T22:24:10+00:00\" \/>\n<meta property=\"og:image\" content=\"https:\/\/selwoholidayhome.com\/wp-content\/uploads\/2015\/11\/Bild-073-1920x1280.jpg\" \/>\n\t<meta property=\"og:image:width\" content=\"1920\" \/>\n\t<meta property=\"og:image:height\" content=\"1280\" \/>\n\t<meta property=\"og:image:type\" content=\"image\/jpeg\" \/>\n<meta name=\"author\" content=\"Mikael Elgstr\u00f6m\" \/>\n<meta name=\"twitter:card\" content=\"summary_large_image\" \/>\n<meta name=\"twitter:label1\" content=\"Skriven av\" \/>\n\t<meta name=\"twitter:data1\" content=\"Mikael Elgstr\u00f6m\" \/>\n<script type=\"application\/ld+json\" class=\"yoast-schema-graph\">{\"@context\":\"https:\/\/schema.org\",\"@graph\":[{\"@type\":\"Article\",\"@id\":\"https:\/\/selwoholidayhome.com\/sv\/selwo-news-sv\/a-new-rental-object-at-selwo-hills-is-on-our-website\/#article\",\"isPartOf\":{\"@id\":\"https:\/\/selwoholidayhome.com\/sv\/selwo-news-sv\/a-new-rental-object-at-selwo-hills-is-on-our-website\/\"},\"author\":{\"name\":\"Mikael Elgstr\u00f6m\",\"@id\":\"https:\/\/selwoholidayhome.com\/#\/schema\/person\/148a4a3091d8a5fd4e56faf4189a82dd\"},\"headline\":\"Ett nytt objekt till uthyrning p\u00e5 Selwo Hills finns nu p\u00e5 v\u00e5r hemsida!\",\"datePublished\":\"2015-11-08T22:18:44+00:00\",\"dateModified\":\"2015-11-08T22:24:10+00:00\",\"mainEntityOfPage\":{\"@id\":\"https:\/\/selwoholidayhome.com\/sv\/selwo-news-sv\/a-new-rental-object-at-selwo-hills-is-on-our-website\/\"},\"wordCount\":111,\"commentCount\":0,\"publisher\":{\"@id\":\"https:\/\/selwoholidayhome.com\/#organization\"},\"articleSection\":[\"Selwo News\"],\"inLanguage\":\"sv-SE\",\"potentialAction\":[{\"@type\":\"CommentAction\",\"name\":\"Comment\",\"target\":[\"https:\/\/selwoholidayhome.com\/sv\/selwo-news-sv\/a-new-rental-object-at-selwo-hills-is-on-our-website\/#respond\"]}]},{\"@type\":\"WebPage\",\"@id\":\"https:\/\/selwoholidayhome.com\/sv\/selwo-news-sv\/a-new-rental-object-at-selwo-hills-is-on-our-website\/\",\"url\":\"https:\/\/selwoholidayhome.com\/sv\/selwo-news-sv\/a-new-rental-object-at-selwo-hills-is-on-our-website\/\",\"name\":\"Ett nytt objekt till uthyrning p\u00e5 Selwo Hills finns nu p\u00e5 v\u00e5r hemsida! &#8226; Selwo Holiday Home\",\"isPartOf\":{\"@id\":\"https:\/\/selwoholidayhome.com\/#website\"},\"datePublished\":\"2015-11-08T22:18:44+00:00\",\"dateModified\":\"2015-11-08T22:24:10+00:00\",\"description\":\"Denna takv\u00e5ning\u00a0har en\u00a0fantastisk utsikt \u00f6ver Medelhavet och upp till bergen.\u00a0H\u00f6rnl\u00e4genheten ligger i omr\u00e5det Selwo Hills. L\u00e4genheten har en\",\"breadcrumb\":{\"@id\":\"https:\/\/selwoholidayhome.com\/sv\/selwo-news-sv\/a-new-rental-object-at-selwo-hills-is-on-our-website\/#breadcrumb\"},\"inLanguage\":\"sv-SE\",\"potentialAction\":[{\"@type\":\"ReadAction\",\"target\":[\"https:\/\/selwoholidayhome.com\/sv\/selwo-news-sv\/a-new-rental-object-at-selwo-hills-is-on-our-website\/\"]}]},{\"@type\":\"BreadcrumbList\",\"@id\":\"https:\/\/selwoholidayhome.com\/sv\/selwo-news-sv\/a-new-rental-object-at-selwo-hills-is-on-our-website\/#breadcrumb\",\"itemListElement\":[{\"@type\":\"ListItem\",\"position\":1,\"name\":\"Home\",\"item\":\"https:\/\/selwoholidayhome.com\/sv\/\"},{\"@type\":\"ListItem\",\"position\":2,\"name\":\"Ett nytt objekt till uthyrning p\u00e5 Selwo Hills finns nu p\u00e5 v\u00e5r hemsida!\"}]},{\"@type\":\"WebSite\",\"@id\":\"https:\/\/selwoholidayhome.com\/#website\",\"url\":\"https:\/\/selwoholidayhome.com\/\",\"name\":\"Selwo Holiday Home\",\"description\":\"Apartments for rent on the Costa del Sol\",\"publisher\":{\"@id\":\"https:\/\/selwoholidayhome.com\/#organization\"},\"potentialAction\":[{\"@type\":\"SearchAction\",\"target\":{\"@type\":\"EntryPoint\",\"urlTemplate\":\"https:\/\/selwoholidayhome.com\/?s={search_term_string}\"},\"query-input\":{\"@type\":\"PropertyValueSpecification\",\"valueRequired\":true,\"valueName\":\"search_term_string\"}}],\"inLanguage\":\"sv-SE\"},{\"@type\":\"Organization\",\"@id\":\"https:\/\/selwoholidayhome.com\/#organization\",\"name\":\"Selwo Holiday Home\",\"url\":\"https:\/\/selwoholidayhome.com\/\",\"logo\":{\"@type\":\"ImageObject\",\"inLanguage\":\"sv-SE\",\"@id\":\"https:\/\/selwoholidayhome.com\/#\/schema\/logo\/image\/\",\"url\":\"https:\/\/selwoholidayhome.com\/wp-content\/uploads\/2015\/07\/selwo-logo-01.png\",\"contentUrl\":\"https:\/\/selwoholidayhome.com\/wp-content\/uploads\/2015\/07\/selwo-logo-01.png\",\"width\":317,\"height\":201,\"caption\":\"Selwo Holiday Home\"},\"image\":{\"@id\":\"https:\/\/selwoholidayhome.com\/#\/schema\/logo\/image\/\"}},{\"@type\":\"Person\",\"@id\":\"https:\/\/selwoholidayhome.com\/#\/schema\/person\/148a4a3091d8a5fd4e56faf4189a82dd\",\"name\":\"Mikael Elgstr\u00f6m\",\"url\":\"https:\/\/selwoholidayhome.com\/sv\/author\/mikaele\/\"}]}<\/script>\n<!-- \/ Yoast SEO plugin. -->","yoast_head_json":{"title":"Ett nytt objekt till uthyrning p\u00e5 Selwo Hills finns nu p\u00e5 v\u00e5r hemsida! &#8226; Selwo Holiday Home","description":"Denna takv\u00e5ning\u00a0har en\u00a0fantastisk utsikt \u00f6ver Medelhavet och upp till bergen.\u00a0H\u00f6rnl\u00e4genheten ligger i omr\u00e5det Selwo Hills. L\u00e4genheten har en","robots":{"index":"index","follow":"follow","max-snippet":"max-snippet:-1","max-image-preview":"max-image-preview:large","max-video-preview":"max-video-preview:-1"},"canonical":"https:\/\/selwoholidayhome.com\/sv\/selwo-news-sv\/a-new-rental-object-at-selwo-hills-is-on-our-website\/","og_locale":"sv_SE","og_type":"article","og_title":"Ett nytt objekt till uthyrning p\u00e5 Selwo Hills finns nu p\u00e5 v\u00e5r hemsida! &#8226; Selwo Holiday Home","og_description":"Denna takv\u00e5ning\u00a0har en\u00a0fantastisk utsikt \u00f6ver Medelhavet och upp till bergen.\u00a0H\u00f6rnl\u00e4genheten ligger i omr\u00e5det Selwo Hills. L\u00e4genheten har en","og_url":"https:\/\/selwoholidayhome.com\/sv\/selwo-news-sv\/a-new-rental-object-at-selwo-hills-is-on-our-website\/","og_site_name":"Selwo Holiday Home","article_published_time":"2015-11-08T22:18:44+00:00","article_modified_time":"2015-11-08T22:24:10+00:00","og_image":[{"width":1920,"height":1280,"url":"https:\/\/selwoholidayhome.com\/wp-content\/uploads\/2015\/11\/Bild-073-1920x1280.jpg","type":"image\/jpeg"}],"author":"Mikael Elgstr\u00f6m","twitter_card":"summary_large_image","twitter_misc":{"Skriven av":"Mikael Elgstr\u00f6m"},"schema":{"@context":"https:\/\/schema.org","@graph":[{"@type":"Article","@id":"https:\/\/selwoholidayhome.com\/sv\/selwo-news-sv\/a-new-rental-object-at-selwo-hills-is-on-our-website\/#article","isPartOf":{"@id":"https:\/\/selwoholidayhome.com\/sv\/selwo-news-sv\/a-new-rental-object-at-selwo-hills-is-on-our-website\/"},"author":{"name":"Mikael Elgstr\u00f6m","@id":"https:\/\/selwoholidayhome.com\/#\/schema\/person\/148a4a3091d8a5fd4e56faf4189a82dd"},"headline":"Ett nytt objekt till uthyrning p\u00e5 Selwo Hills finns nu p\u00e5 v\u00e5r hemsida!","datePublished":"2015-11-08T22:18:44+00:00","dateModified":"2015-11-08T22:24:10+00:00","mainEntityOfPage":{"@id":"https:\/\/selwoholidayhome.com\/sv\/selwo-news-sv\/a-new-rental-object-at-selwo-hills-is-on-our-website\/"},"wordCount":111,"commentCount":0,"publisher":{"@id":"https:\/\/selwoholidayhome.com\/#organization"},"articleSection":["Selwo News"],"inLanguage":"sv-SE","potentialAction":[{"@type":"CommentAction","name":"Comment","target":["https:\/\/selwoholidayhome.com\/sv\/selwo-news-sv\/a-new-rental-object-at-selwo-hills-is-on-our-website\/#respond"]}]},{"@type":"WebPage","@id":"https:\/\/selwoholidayhome.com\/sv\/selwo-news-sv\/a-new-rental-object-at-selwo-hills-is-on-our-website\/","url":"https:\/\/selwoholidayhome.com\/sv\/selwo-news-sv\/a-new-rental-object-at-selwo-hills-is-on-our-website\/","name":"Ett nytt objekt till uthyrning p\u00e5 Selwo Hills finns nu p\u00e5 v\u00e5r hemsida! &#8226; Selwo Holiday Home","isPartOf":{"@id":"https:\/\/selwoholidayhome.com\/#website"},"datePublished":"2015-11-08T22:18:44+00:00","dateModified":"2015-11-08T22:24:10+00:00","description":"Denna takv\u00e5ning\u00a0har en\u00a0fantastisk utsikt \u00f6ver Medelhavet och upp till bergen.\u00a0H\u00f6rnl\u00e4genheten ligger i omr\u00e5det Selwo Hills. L\u00e4genheten har en","breadcrumb":{"@id":"https:\/\/selwoholidayhome.com\/sv\/selwo-news-sv\/a-new-rental-object-at-selwo-hills-is-on-our-website\/#breadcrumb"},"inLanguage":"sv-SE","potentialAction":[{"@type":"ReadAction","target":["https:\/\/selwoholidayhome.com\/sv\/selwo-news-sv\/a-new-rental-object-at-selwo-hills-is-on-our-website\/"]}]},{"@type":"BreadcrumbList","@id":"https:\/\/selwoholidayhome.com\/sv\/selwo-news-sv\/a-new-rental-object-at-selwo-hills-is-on-our-website\/#breadcrumb","itemListElement":[{"@type":"ListItem","position":1,"name":"Home","item":"https:\/\/selwoholidayhome.com\/sv\/"},{"@type":"ListItem","position":2,"name":"Ett nytt objekt till uthyrning p\u00e5 Selwo Hills finns nu p\u00e5 v\u00e5r hemsida!"}]},{"@type":"WebSite","@id":"https:\/\/selwoholidayhome.com\/#website","url":"https:\/\/selwoholidayhome.com\/","name":"Selwo Holiday Home","description":"Apartments for rent on the Costa del Sol","publisher":{"@id":"https:\/\/selwoholidayhome.com\/#organization"},"potentialAction":[{"@type":"SearchAction","target":{"@type":"EntryPoint","urlTemplate":"https:\/\/selwoholidayhome.com\/?s={search_term_string}"},"query-input":{"@type":"PropertyValueSpecification","valueRequired":true,"valueName":"search_term_string"}}],"inLanguage":"sv-SE"},{"@type":"Organization","@id":"https:\/\/selwoholidayhome.com\/#organization","name":"Selwo Holiday Home","url":"https:\/\/selwoholidayhome.com\/","logo":{"@type":"ImageObject","inLanguage":"sv-SE","@id":"https:\/\/selwoholidayhome.com\/#\/schema\/logo\/image\/","url":"https:\/\/selwoholidayhome.com\/wp-content\/uploads\/2015\/07\/selwo-logo-01.png","contentUrl":"https:\/\/selwoholidayhome.com\/wp-content\/uploads\/2015\/07\/selwo-logo-01.png","width":317,"height":201,"caption":"Selwo Holiday Home"},"image":{"@id":"https:\/\/selwoholidayhome.com\/#\/schema\/logo\/image\/"}},{"@type":"Person","@id":"https:\/\/selwoholidayhome.com\/#\/schema\/person\/148a4a3091d8a5fd4e56faf4189a82dd","name":"Mikael Elgstr\u00f6m","url":"https:\/\/selwoholidayhome.com\/sv\/author\/mikaele\/"}]}},"_links":{"self":[{"href":"https:\/\/selwoholidayhome.com\/sv\/wp-json\/wp\/v2\/posts\/8831","targetHints":{"allow":["GET"]}}],"collection":[{"href":"https:\/\/selwoholidayhome.com\/sv\/wp-json\/wp\/v2\/posts"}],"about":[{"href":"https:\/\/selwoholidayhome.com\/sv\/wp-json\/wp\/v2\/types\/post"}],"author":[{"embeddable":true,"href":"https:\/\/selwoholidayhome.com\/sv\/wp-json\/wp\/v2\/users\/5"}],"replies":[{"embeddable":true,"href":"https:\/\/selwoholidayhome.com\/sv\/wp-json\/wp\/v2\/comments?post=8831"}],"version-history":[{"count":2,"href":"https:\/\/selwoholidayhome.com\/sv\/wp-json\/wp\/v2\/posts\/8831\/revisions"}],"predecessor-version":[{"id":8833,"href":"https:\/\/selwoholidayhome.com\/sv\/wp-json\/wp\/v2\/posts\/8831\/revisions\/8833"}],"wp:attachment":[{"href":"https:\/\/selwoholidayhome.com\/sv\/wp-json\/wp\/v2\/media?parent=8831"}],"wp:term":[{"taxonomy":"category","embeddable":true,"href":"https:\/\/selwoholidayhome.com\/sv\/wp-json\/wp\/v2\/categories?post=8831"},{"taxonomy":"post_tag","embeddable":true,"href":"https:\/\/selwoholidayhome.com\/sv\/wp-json\/wp\/v2\/tags?post=8831"}],"curies":[{"name":"wp","href":"https:\/\/api.w.org\/{rel}","templated":true}]}}