{"id":8734,"date":"2015-10-27T18:42:12","date_gmt":"2015-10-27T18:42:12","guid":{"rendered":"http:\/\/selwoholidayhome.com\/sv\/a-new-rental-object-at-bahia-de-la-plata-estepona\/"},"modified":"2015-10-27T19:09:16","modified_gmt":"2015-10-27T19:09:16","slug":"a-new-rental-object-at-bahia-de-la-plata-estepona","status":"publish","type":"post","link":"https:\/\/selwoholidayhome.com\/sv\/selwo-news-sv\/a-new-rental-object-at-bahia-de-la-plata-estepona\/","title":{"rendered":"Ett nytt objekt i Bahia de la Plata, Estepona"},"content":{"rendered":"<p>Denna lyxiga l\u00e4genhet \u00e4r till uthyrning p\u00e5 den spanska kusten Costa del Sol i ett omr\u00e5de med 24 timmars s\u00e4kerhet. L\u00e4genheten ligger p\u00e5 \u201dNew Golden Mile\u201d \u00a0med direkt tillg\u00e5ng till stranden. p\u00e5\u00a0n\u00e5gra minuters promenad fr\u00e5n l\u00e4genheten finns nationella och internationella mysiga restauranger, butiker, ett k\u00f6pcentrum och \u00f6vrig infrastruktur.<\/p>\n<p>L\u00e4genheten ligger p\u00e5 bottenv\u00e5ningen och har en stor terrass med en privat pool. Terrassen har utsikt \u00f6ver komplexet och havet. L\u00e4genheten \u00e4r inredd med moderna m\u00f6bler av h\u00f6g kvalitet. L\u00e4genheten har en hall, ett rymligt vardagsrum med matplats, en stor design\u00a0soffa och en LCD-TV. K\u00f6ket \u00e4r komplett\u00a0utrustat. L\u00e4genheten har 2 sovrum och 2 badrum.<\/p>\n<p>Bostadsomr\u00e5de d\u00e4r l\u00e4genheten ligger har en tr\u00e4dg\u00e5rd med exotiska v\u00e4xter, en underjordisk parkering, 2 utomhuspooler, en inomhuspool, spa, jacuzzi, gym samt inomhus padel tennis.<\/p>\n","protected":false},"excerpt":{"rendered":"<p>Denna lyxiga l\u00e4genhet \u00e4r till uthyrning p\u00e5 den spanska kusten Costa del Sol i ett omr\u00e5de med 24 timmars s\u00e4kerhet. L\u00e4genheten ligger p\u00e5 \u201dNew Golden Mile\u201d \u00a0med direkt tillg\u00e5ng till stranden. p\u00e5\u00a0n\u00e5gra minuters promenad fr\u00e5n l\u00e4genheten finns nationella och internationella mysiga restauranger, butiker, ett k\u00f6pcentrum och \u00f6vrig infrastruktur. L\u00e4genheten ligger p\u00e5 bottenv\u00e5ningen och har en stor terrass med en privat&#8230;<\/p>\n<div><a href=\"https:\/\/selwoholidayhome.com\/sv\/selwo-news-sv\/a-new-rental-object-at-bahia-de-la-plata-estepona\/\" class=\"read-more\">L\u00e4s Mer  <i class=\"fa fa-arrow-circle-o-right\"><\/i><\/a><\/div>\n","protected":false},"author":5,"featured_media":8697,"comment_status":"open","ping_status":"open","sticky":false,"template":"","format":"standard","meta":{"footnotes":""},"categories":[121],"tags":[],"class_list":["post-8734","post","type-post","status-publish","format-standard","has-post-thumbnail","hentry","category-selwo-news-sv","has-featured"],"yoast_head":"<!-- This site is optimized with the Yoast SEO plugin v26.0 - https:\/\/yoast.com\/wordpress\/plugins\/seo\/ -->\n<title>Ett nytt objekt i Bahia de la Plata, Estepona &#8226; Selwo Holiday Home<\/title>\n<meta name=\"description\" content=\"Denna lyxiga l\u00e4genhet \u00e4r till uthyrning p\u00e5 den spanska kusten Costa del Sol i ett omr\u00e5de med 24 timmars s\u00e4kerhet. L\u00e4genheten ligger p\u00e5 \u201dNew Golden Mile\u201d\" \/>\n<meta name=\"robots\" content=\"index, follow, max-snippet:-1, max-image-preview:large, max-video-preview:-1\" \/>\n<link rel=\"canonical\" href=\"https:\/\/selwoholidayhome.com\/sv\/selwo-news-sv\/a-new-rental-object-at-bahia-de-la-plata-estepona\/\" \/>\n<meta property=\"og:locale\" content=\"sv_SE\" \/>\n<meta property=\"og:type\" content=\"article\" \/>\n<meta property=\"og:title\" content=\"Ett nytt objekt i Bahia de la Plata, Estepona &#8226; Selwo Holiday Home\" \/>\n<meta property=\"og:description\" content=\"Denna lyxiga l\u00e4genhet \u00e4r till uthyrning p\u00e5 den spanska kusten Costa del Sol i ett omr\u00e5de med 24 timmars s\u00e4kerhet. L\u00e4genheten ligger p\u00e5 \u201dNew Golden Mile\u201d\" \/>\n<meta property=\"og:url\" content=\"https:\/\/selwoholidayhome.com\/sv\/selwo-news-sv\/a-new-rental-object-at-bahia-de-la-plata-estepona\/\" \/>\n<meta property=\"og:site_name\" content=\"Selwo Holiday Home\" \/>\n<meta property=\"article:published_time\" content=\"2015-10-27T18:42:12+00:00\" \/>\n<meta property=\"article:modified_time\" content=\"2015-10-27T19:09:16+00:00\" \/>\n<meta property=\"og:image\" content=\"https:\/\/selwoholidayhome.com\/wp-content\/uploads\/2015\/10\/IMG_3881.jpg\" \/>\n\t<meta property=\"og:image:width\" content=\"1600\" \/>\n\t<meta property=\"og:image:height\" content=\"1067\" \/>\n\t<meta property=\"og:image:type\" content=\"image\/jpeg\" \/>\n<meta name=\"author\" content=\"Mikael Elgstr\u00f6m\" \/>\n<meta name=\"twitter:card\" content=\"summary_large_image\" \/>\n<meta name=\"twitter:label1\" content=\"Skriven av\" \/>\n\t<meta name=\"twitter:data1\" content=\"Mikael Elgstr\u00f6m\" \/>\n\t<meta name=\"twitter:label2\" content=\"Ber\u00e4knad l\u00e4stid\" \/>\n\t<meta name=\"twitter:data2\" content=\"1 minut\" \/>\n<script type=\"application\/ld+json\" class=\"yoast-schema-graph\">{\"@context\":\"https:\/\/schema.org\",\"@graph\":[{\"@type\":\"Article\",\"@id\":\"https:\/\/selwoholidayhome.com\/sv\/selwo-news-sv\/a-new-rental-object-at-bahia-de-la-plata-estepona\/#article\",\"isPartOf\":{\"@id\":\"https:\/\/selwoholidayhome.com\/sv\/selwo-news-sv\/a-new-rental-object-at-bahia-de-la-plata-estepona\/\"},\"author\":{\"name\":\"Mikael Elgstr\u00f6m\",\"@id\":\"https:\/\/selwoholidayhome.com\/#\/schema\/person\/148a4a3091d8a5fd4e56faf4189a82dd\"},\"headline\":\"Ett nytt objekt i Bahia de la Plata, Estepona\",\"datePublished\":\"2015-10-27T18:42:12+00:00\",\"dateModified\":\"2015-10-27T19:09:16+00:00\",\"mainEntityOfPage\":{\"@id\":\"https:\/\/selwoholidayhome.com\/sv\/selwo-news-sv\/a-new-rental-object-at-bahia-de-la-plata-estepona\/\"},\"wordCount\":157,\"commentCount\":0,\"publisher\":{\"@id\":\"https:\/\/selwoholidayhome.com\/#organization\"},\"image\":{\"@id\":\"https:\/\/selwoholidayhome.com\/sv\/selwo-news-sv\/a-new-rental-object-at-bahia-de-la-plata-estepona\/#primaryimage\"},\"thumbnailUrl\":\"https:\/\/selwoholidayhome.com\/wp-content\/uploads\/2015\/10\/IMG_3881.jpg\",\"articleSection\":[\"Selwo News\"],\"inLanguage\":\"sv-SE\",\"potentialAction\":[{\"@type\":\"CommentAction\",\"name\":\"Comment\",\"target\":[\"https:\/\/selwoholidayhome.com\/sv\/selwo-news-sv\/a-new-rental-object-at-bahia-de-la-plata-estepona\/#respond\"]}]},{\"@type\":\"WebPage\",\"@id\":\"https:\/\/selwoholidayhome.com\/sv\/selwo-news-sv\/a-new-rental-object-at-bahia-de-la-plata-estepona\/\",\"url\":\"https:\/\/selwoholidayhome.com\/sv\/selwo-news-sv\/a-new-rental-object-at-bahia-de-la-plata-estepona\/\",\"name\":\"Ett nytt objekt i Bahia de la Plata, Estepona &#8226; Selwo Holiday Home\",\"isPartOf\":{\"@id\":\"https:\/\/selwoholidayhome.com\/#website\"},\"primaryImageOfPage\":{\"@id\":\"https:\/\/selwoholidayhome.com\/sv\/selwo-news-sv\/a-new-rental-object-at-bahia-de-la-plata-estepona\/#primaryimage\"},\"image\":{\"@id\":\"https:\/\/selwoholidayhome.com\/sv\/selwo-news-sv\/a-new-rental-object-at-bahia-de-la-plata-estepona\/#primaryimage\"},\"thumbnailUrl\":\"https:\/\/selwoholidayhome.com\/wp-content\/uploads\/2015\/10\/IMG_3881.jpg\",\"datePublished\":\"2015-10-27T18:42:12+00:00\",\"dateModified\":\"2015-10-27T19:09:16+00:00\",\"description\":\"Denna lyxiga l\u00e4genhet \u00e4r till uthyrning p\u00e5 den spanska kusten Costa del Sol i ett omr\u00e5de med 24 timmars s\u00e4kerhet. L\u00e4genheten ligger p\u00e5 \u201dNew Golden Mile\u201d\",\"breadcrumb\":{\"@id\":\"https:\/\/selwoholidayhome.com\/sv\/selwo-news-sv\/a-new-rental-object-at-bahia-de-la-plata-estepona\/#breadcrumb\"},\"inLanguage\":\"sv-SE\",\"potentialAction\":[{\"@type\":\"ReadAction\",\"target\":[\"https:\/\/selwoholidayhome.com\/sv\/selwo-news-sv\/a-new-rental-object-at-bahia-de-la-plata-estepona\/\"]}]},{\"@type\":\"ImageObject\",\"inLanguage\":\"sv-SE\",\"@id\":\"https:\/\/selwoholidayhome.com\/sv\/selwo-news-sv\/a-new-rental-object-at-bahia-de-la-plata-estepona\/#primaryimage\",\"url\":\"https:\/\/selwoholidayhome.com\/wp-content\/uploads\/2015\/10\/IMG_3881.jpg\",\"contentUrl\":\"https:\/\/selwoholidayhome.com\/wp-content\/uploads\/2015\/10\/IMG_3881.jpg\",\"width\":1600,\"height\":1067},{\"@type\":\"BreadcrumbList\",\"@id\":\"https:\/\/selwoholidayhome.com\/sv\/selwo-news-sv\/a-new-rental-object-at-bahia-de-la-plata-estepona\/#breadcrumb\",\"itemListElement\":[{\"@type\":\"ListItem\",\"position\":1,\"name\":\"Home\",\"item\":\"https:\/\/selwoholidayhome.com\/sv\/\"},{\"@type\":\"ListItem\",\"position\":2,\"name\":\"Ett nytt objekt i Bahia de la Plata, Estepona\"}]},{\"@type\":\"WebSite\",\"@id\":\"https:\/\/selwoholidayhome.com\/#website\",\"url\":\"https:\/\/selwoholidayhome.com\/\",\"name\":\"Selwo Holiday Home\",\"description\":\"Apartments for rent on the Costa del Sol\",\"publisher\":{\"@id\":\"https:\/\/selwoholidayhome.com\/#organization\"},\"potentialAction\":[{\"@type\":\"SearchAction\",\"target\":{\"@type\":\"EntryPoint\",\"urlTemplate\":\"https:\/\/selwoholidayhome.com\/?s={search_term_string}\"},\"query-input\":{\"@type\":\"PropertyValueSpecification\",\"valueRequired\":true,\"valueName\":\"search_term_string\"}}],\"inLanguage\":\"sv-SE\"},{\"@type\":\"Organization\",\"@id\":\"https:\/\/selwoholidayhome.com\/#organization\",\"name\":\"Selwo Holiday Home\",\"url\":\"https:\/\/selwoholidayhome.com\/\",\"logo\":{\"@type\":\"ImageObject\",\"inLanguage\":\"sv-SE\",\"@id\":\"https:\/\/selwoholidayhome.com\/#\/schema\/logo\/image\/\",\"url\":\"https:\/\/selwoholidayhome.com\/wp-content\/uploads\/2015\/07\/selwo-logo-01.png\",\"contentUrl\":\"https:\/\/selwoholidayhome.com\/wp-content\/uploads\/2015\/07\/selwo-logo-01.png\",\"width\":317,\"height\":201,\"caption\":\"Selwo Holiday Home\"},\"image\":{\"@id\":\"https:\/\/selwoholidayhome.com\/#\/schema\/logo\/image\/\"}},{\"@type\":\"Person\",\"@id\":\"https:\/\/selwoholidayhome.com\/#\/schema\/person\/148a4a3091d8a5fd4e56faf4189a82dd\",\"name\":\"Mikael Elgstr\u00f6m\",\"url\":\"https:\/\/selwoholidayhome.com\/sv\/author\/mikaele\/\"}]}<\/script>\n<!-- \/ Yoast SEO plugin. -->","yoast_head_json":{"title":"Ett nytt objekt i Bahia de la Plata, Estepona &#8226; Selwo Holiday Home","description":"Denna lyxiga l\u00e4genhet \u00e4r till uthyrning p\u00e5 den spanska kusten Costa del Sol i ett omr\u00e5de med 24 timmars s\u00e4kerhet. L\u00e4genheten ligger p\u00e5 \u201dNew Golden Mile\u201d","robots":{"index":"index","follow":"follow","max-snippet":"max-snippet:-1","max-image-preview":"max-image-preview:large","max-video-preview":"max-video-preview:-1"},"canonical":"https:\/\/selwoholidayhome.com\/sv\/selwo-news-sv\/a-new-rental-object-at-bahia-de-la-plata-estepona\/","og_locale":"sv_SE","og_type":"article","og_title":"Ett nytt objekt i Bahia de la Plata, Estepona &#8226; Selwo Holiday Home","og_description":"Denna lyxiga l\u00e4genhet \u00e4r till uthyrning p\u00e5 den spanska kusten Costa del Sol i ett omr\u00e5de med 24 timmars s\u00e4kerhet. L\u00e4genheten ligger p\u00e5 \u201dNew Golden Mile\u201d","og_url":"https:\/\/selwoholidayhome.com\/sv\/selwo-news-sv\/a-new-rental-object-at-bahia-de-la-plata-estepona\/","og_site_name":"Selwo Holiday Home","article_published_time":"2015-10-27T18:42:12+00:00","article_modified_time":"2015-10-27T19:09:16+00:00","og_image":[{"width":1600,"height":1067,"url":"https:\/\/selwoholidayhome.com\/wp-content\/uploads\/2015\/10\/IMG_3881.jpg","type":"image\/jpeg"}],"author":"Mikael Elgstr\u00f6m","twitter_card":"summary_large_image","twitter_misc":{"Skriven av":"Mikael Elgstr\u00f6m","Ber\u00e4knad l\u00e4stid":"1 minut"},"schema":{"@context":"https:\/\/schema.org","@graph":[{"@type":"Article","@id":"https:\/\/selwoholidayhome.com\/sv\/selwo-news-sv\/a-new-rental-object-at-bahia-de-la-plata-estepona\/#article","isPartOf":{"@id":"https:\/\/selwoholidayhome.com\/sv\/selwo-news-sv\/a-new-rental-object-at-bahia-de-la-plata-estepona\/"},"author":{"name":"Mikael Elgstr\u00f6m","@id":"https:\/\/selwoholidayhome.com\/#\/schema\/person\/148a4a3091d8a5fd4e56faf4189a82dd"},"headline":"Ett nytt objekt i Bahia de la Plata, Estepona","datePublished":"2015-10-27T18:42:12+00:00","dateModified":"2015-10-27T19:09:16+00:00","mainEntityOfPage":{"@id":"https:\/\/selwoholidayhome.com\/sv\/selwo-news-sv\/a-new-rental-object-at-bahia-de-la-plata-estepona\/"},"wordCount":157,"commentCount":0,"publisher":{"@id":"https:\/\/selwoholidayhome.com\/#organization"},"image":{"@id":"https:\/\/selwoholidayhome.com\/sv\/selwo-news-sv\/a-new-rental-object-at-bahia-de-la-plata-estepona\/#primaryimage"},"thumbnailUrl":"https:\/\/selwoholidayhome.com\/wp-content\/uploads\/2015\/10\/IMG_3881.jpg","articleSection":["Selwo News"],"inLanguage":"sv-SE","potentialAction":[{"@type":"CommentAction","name":"Comment","target":["https:\/\/selwoholidayhome.com\/sv\/selwo-news-sv\/a-new-rental-object-at-bahia-de-la-plata-estepona\/#respond"]}]},{"@type":"WebPage","@id":"https:\/\/selwoholidayhome.com\/sv\/selwo-news-sv\/a-new-rental-object-at-bahia-de-la-plata-estepona\/","url":"https:\/\/selwoholidayhome.com\/sv\/selwo-news-sv\/a-new-rental-object-at-bahia-de-la-plata-estepona\/","name":"Ett nytt objekt i Bahia de la Plata, Estepona &#8226; Selwo Holiday Home","isPartOf":{"@id":"https:\/\/selwoholidayhome.com\/#website"},"primaryImageOfPage":{"@id":"https:\/\/selwoholidayhome.com\/sv\/selwo-news-sv\/a-new-rental-object-at-bahia-de-la-plata-estepona\/#primaryimage"},"image":{"@id":"https:\/\/selwoholidayhome.com\/sv\/selwo-news-sv\/a-new-rental-object-at-bahia-de-la-plata-estepona\/#primaryimage"},"thumbnailUrl":"https:\/\/selwoholidayhome.com\/wp-content\/uploads\/2015\/10\/IMG_3881.jpg","datePublished":"2015-10-27T18:42:12+00:00","dateModified":"2015-10-27T19:09:16+00:00","description":"Denna lyxiga l\u00e4genhet \u00e4r till uthyrning p\u00e5 den spanska kusten Costa del Sol i ett omr\u00e5de med 24 timmars s\u00e4kerhet. L\u00e4genheten ligger p\u00e5 \u201dNew Golden Mile\u201d","breadcrumb":{"@id":"https:\/\/selwoholidayhome.com\/sv\/selwo-news-sv\/a-new-rental-object-at-bahia-de-la-plata-estepona\/#breadcrumb"},"inLanguage":"sv-SE","potentialAction":[{"@type":"ReadAction","target":["https:\/\/selwoholidayhome.com\/sv\/selwo-news-sv\/a-new-rental-object-at-bahia-de-la-plata-estepona\/"]}]},{"@type":"ImageObject","inLanguage":"sv-SE","@id":"https:\/\/selwoholidayhome.com\/sv\/selwo-news-sv\/a-new-rental-object-at-bahia-de-la-plata-estepona\/#primaryimage","url":"https:\/\/selwoholidayhome.com\/wp-content\/uploads\/2015\/10\/IMG_3881.jpg","contentUrl":"https:\/\/selwoholidayhome.com\/wp-content\/uploads\/2015\/10\/IMG_3881.jpg","width":1600,"height":1067},{"@type":"BreadcrumbList","@id":"https:\/\/selwoholidayhome.com\/sv\/selwo-news-sv\/a-new-rental-object-at-bahia-de-la-plata-estepona\/#breadcrumb","itemListElement":[{"@type":"ListItem","position":1,"name":"Home","item":"https:\/\/selwoholidayhome.com\/sv\/"},{"@type":"ListItem","position":2,"name":"Ett nytt objekt i Bahia de la Plata, Estepona"}]},{"@type":"WebSite","@id":"https:\/\/selwoholidayhome.com\/#website","url":"https:\/\/selwoholidayhome.com\/","name":"Selwo Holiday Home","description":"Apartments for rent on the Costa del Sol","publisher":{"@id":"https:\/\/selwoholidayhome.com\/#organization"},"potentialAction":[{"@type":"SearchAction","target":{"@type":"EntryPoint","urlTemplate":"https:\/\/selwoholidayhome.com\/?s={search_term_string}"},"query-input":{"@type":"PropertyValueSpecification","valueRequired":true,"valueName":"search_term_string"}}],"inLanguage":"sv-SE"},{"@type":"Organization","@id":"https:\/\/selwoholidayhome.com\/#organization","name":"Selwo Holiday Home","url":"https:\/\/selwoholidayhome.com\/","logo":{"@type":"ImageObject","inLanguage":"sv-SE","@id":"https:\/\/selwoholidayhome.com\/#\/schema\/logo\/image\/","url":"https:\/\/selwoholidayhome.com\/wp-content\/uploads\/2015\/07\/selwo-logo-01.png","contentUrl":"https:\/\/selwoholidayhome.com\/wp-content\/uploads\/2015\/07\/selwo-logo-01.png","width":317,"height":201,"caption":"Selwo Holiday Home"},"image":{"@id":"https:\/\/selwoholidayhome.com\/#\/schema\/logo\/image\/"}},{"@type":"Person","@id":"https:\/\/selwoholidayhome.com\/#\/schema\/person\/148a4a3091d8a5fd4e56faf4189a82dd","name":"Mikael Elgstr\u00f6m","url":"https:\/\/selwoholidayhome.com\/sv\/author\/mikaele\/"}]}},"_links":{"self":[{"href":"https:\/\/selwoholidayhome.com\/sv\/wp-json\/wp\/v2\/posts\/8734","targetHints":{"allow":["GET"]}}],"collection":[{"href":"https:\/\/selwoholidayhome.com\/sv\/wp-json\/wp\/v2\/posts"}],"about":[{"href":"https:\/\/selwoholidayhome.com\/sv\/wp-json\/wp\/v2\/types\/post"}],"author":[{"embeddable":true,"href":"https:\/\/selwoholidayhome.com\/sv\/wp-json\/wp\/v2\/users\/5"}],"replies":[{"embeddable":true,"href":"https:\/\/selwoholidayhome.com\/sv\/wp-json\/wp\/v2\/comments?post=8734"}],"version-history":[{"count":3,"href":"https:\/\/selwoholidayhome.com\/sv\/wp-json\/wp\/v2\/posts\/8734\/revisions"}],"predecessor-version":[{"id":8738,"href":"https:\/\/selwoholidayhome.com\/sv\/wp-json\/wp\/v2\/posts\/8734\/revisions\/8738"}],"wp:featuredmedia":[{"embeddable":true,"href":"https:\/\/selwoholidayhome.com\/sv\/wp-json\/wp\/v2\/media\/8697"}],"wp:attachment":[{"href":"https:\/\/selwoholidayhome.com\/sv\/wp-json\/wp\/v2\/media?parent=8734"}],"wp:term":[{"taxonomy":"category","embeddable":true,"href":"https:\/\/selwoholidayhome.com\/sv\/wp-json\/wp\/v2\/categories?post=8734"},{"taxonomy":"post_tag","embeddable":true,"href":"https:\/\/selwoholidayhome.com\/sv\/wp-json\/wp\/v2\/tags?post=8734"}],"curies":[{"name":"wp","href":"https:\/\/api.w.org\/{rel}","templated":true}]}}