{"id":17694,"date":"2017-12-21T10:31:32","date_gmt":"2017-12-21T10:31:32","guid":{"rendered":"http:\/\/selwoholidayhome.com\/sv\/17692\/"},"modified":"2017-12-21T10:36:59","modified_gmt":"2017-12-21T10:36:59","slug":"17692","status":"publish","type":"post","link":"https:\/\/selwoholidayhome.com\/sv\/selwo-news-sv\/17692\/","title":{"rendered":"Townhouse i popul\u00e4ra Monte Biarritz uthyres!"},"content":{"rendered":"<p>Detta radhus i popul\u00e4ra Monte Biarritz \u00e4r perfekt f\u00f6r den st\u00f6rre familjen eller f\u00f6r tv\u00e5 par.<br \/>\nDen best\u00e5r av 3 sovrum, stort vardagsrum med matplats, k\u00f6k samt 2 badrum och en toalett.<br \/>\nI till\u00e4gg finns det en stor terrass p\u00e5 30 kvm med s\u00f6derl\u00e4ge i anslutning till vardagsrummet samt en stor terrass p\u00e5 framsidan med norrl\u00e4ge.<br \/>\nDetta g\u00f6r att man kan v\u00e4lja n\u00e4rsomhelst p\u00e5 dagen om man vill vistas i sol eller i skugga.<br \/>\nL\u00e4genheten har en ljus \u00f6ppen planl\u00f6sning p\u00e5 det nedre planet, medans alla sovrum finns p\u00e5 andra v\u00e5ningen.<br \/>\nAlla utrymmen \u00e4r gener\u00f6st tilltagna.<br \/>\nDet gemensamma omr\u00e5det \u00e4r vackert planerad med en v\u00e4lsk\u00f6tt tr\u00e4dg\u00e5rd och ett fantastiskt poolomr\u00e5de.<br \/>\nPerfekt f\u00f6r alla \u00e5ldrar. Monte Biarritz \u00e4r ett alldeles utm\u00e4rkt val f\u00f6r den som vill bo i lugna omgivningar men end\u00e5 n\u00e4ra till allt man f\u00f6rv\u00e4ntar sig av en solsemester.<br \/>\nFlera restauranger \u00e4r p\u00e5 g\u00e5ngavst\u00e5nd och likas\u00e5 badstr\u00e4nder.<br \/>\nF\u00f6r den golfintresserade \u00e4r l\u00e4get perfekt med golfbanor s\u00e5som Atalaya Golf, Real Club de Golf Guadalmina och El Paraiso Golf p\u00e5 bara n\u00e5gra f\u00e5 km avst\u00e5nd.<br \/>\nF\u00f6r den som s\u00f6ker lyx och shopping f\u00f6r n\u00e5gra timmar s\u00e5 \u00e4r hamnen i Puerto Banus bara ca. 5 minuters bilf\u00e4rd bort.<\/p>\n<p>F\u00f6r mer info klicka p\u00e5 f\u00f6ljande l\u00e4nk:<br \/>\n<strong><a href=\"https:\/\/selwoholidayhome.com\/sv\/fastigheter\/monte-biarritz-holiday-home-1\/\">http:\/\/selwoholidayhome.com\/sv\/fastigheter\/monte-biarritz-holiday-home-1\/<\/a><\/strong><\/p>\n","protected":false},"excerpt":{"rendered":"<p>Detta radhus i popul\u00e4ra Monte Biarritz \u00e4r perfekt f\u00f6r den st\u00f6rre familjen eller f\u00f6r tv\u00e5 par. Den best\u00e5r av 3 sovrum, stort vardagsrum med matplats, k\u00f6k samt 2 badrum och en toalett. I till\u00e4gg finns det en stor terrass p\u00e5 30 kvm med s\u00f6derl\u00e4ge i anslutning till vardagsrummet samt en stor terrass p\u00e5 framsidan med norrl\u00e4ge. Detta g\u00f6r att man&#8230;<\/p>\n<div><a href=\"https:\/\/selwoholidayhome.com\/sv\/selwo-news-sv\/17692\/\" class=\"read-more\">L\u00e4s Mer  <i class=\"fa fa-arrow-circle-o-right\"><\/i><\/a><\/div>\n","protected":false},"author":5,"featured_media":17360,"comment_status":"open","ping_status":"open","sticky":false,"template":"","format":"standard","meta":{"footnotes":""},"categories":[121],"tags":[],"class_list":["post-17694","post","type-post","status-publish","format-standard","has-post-thumbnail","hentry","category-selwo-news-sv","has-featured"],"yoast_head":"<!-- This site is optimized with the Yoast SEO plugin v26.0 - https:\/\/yoast.com\/wordpress\/plugins\/seo\/ -->\n<title>Townhouse i popul\u00e4ra Monte Biarritz uthyres! &#8226; Selwo Holiday Home<\/title>\n<meta name=\"description\" content=\"Detta radhus i popul\u00e4ra Monte Biarritz \u00e4r perfekt f\u00f6r den st\u00f6rre familjen eller f\u00f6r tv\u00e5 par. Den best\u00e5r av 3 sovrum, stort vardagsrum med matplats, k\u00f6k\" \/>\n<meta name=\"robots\" content=\"index, follow, max-snippet:-1, max-image-preview:large, max-video-preview:-1\" \/>\n<link rel=\"canonical\" href=\"https:\/\/selwoholidayhome.com\/sv\/selwo-news-sv\/17692\/\" \/>\n<meta property=\"og:locale\" content=\"sv_SE\" \/>\n<meta property=\"og:type\" content=\"article\" \/>\n<meta property=\"og:title\" content=\"Townhouse i popul\u00e4ra Monte Biarritz uthyres! &#8226; Selwo Holiday Home\" \/>\n<meta property=\"og:description\" content=\"Detta radhus i popul\u00e4ra Monte Biarritz \u00e4r perfekt f\u00f6r den st\u00f6rre familjen eller f\u00f6r tv\u00e5 par. Den best\u00e5r av 3 sovrum, stort vardagsrum med matplats, k\u00f6k\" \/>\n<meta property=\"og:url\" content=\"https:\/\/selwoholidayhome.com\/sv\/selwo-news-sv\/17692\/\" \/>\n<meta property=\"og:site_name\" content=\"Selwo Holiday Home\" \/>\n<meta property=\"article:published_time\" content=\"2017-12-21T10:31:32+00:00\" \/>\n<meta property=\"article:modified_time\" content=\"2017-12-21T10:36:59+00:00\" \/>\n<meta property=\"og:image\" content=\"https:\/\/selwoholidayhome.com\/wp-content\/uploads\/2017\/12\/Foto-2016-06-03-11-30-39.jpg\" \/>\n\t<meta property=\"og:image:width\" content=\"2048\" \/>\n\t<meta property=\"og:image:height\" content=\"1536\" \/>\n\t<meta property=\"og:image:type\" content=\"image\/jpeg\" \/>\n<meta name=\"author\" content=\"Mikael Elgstr\u00f6m\" \/>\n<meta name=\"twitter:card\" content=\"summary_large_image\" \/>\n<meta name=\"twitter:label1\" content=\"Skriven av\" \/>\n\t<meta name=\"twitter:data1\" content=\"Mikael Elgstr\u00f6m\" \/>\n\t<meta name=\"twitter:label2\" content=\"Ber\u00e4knad l\u00e4stid\" \/>\n\t<meta name=\"twitter:data2\" content=\"1 minut\" \/>\n<script type=\"application\/ld+json\" class=\"yoast-schema-graph\">{\"@context\":\"https:\/\/schema.org\",\"@graph\":[{\"@type\":\"Article\",\"@id\":\"https:\/\/selwoholidayhome.com\/sv\/selwo-news-sv\/17692\/#article\",\"isPartOf\":{\"@id\":\"https:\/\/selwoholidayhome.com\/sv\/selwo-news-sv\/17692\/\"},\"author\":{\"name\":\"Mikael Elgstr\u00f6m\",\"@id\":\"https:\/\/selwoholidayhome.com\/#\/schema\/person\/148a4a3091d8a5fd4e56faf4189a82dd\"},\"headline\":\"Townhouse i popul\u00e4ra Monte Biarritz uthyres!\",\"datePublished\":\"2017-12-21T10:31:32+00:00\",\"dateModified\":\"2017-12-21T10:36:59+00:00\",\"mainEntityOfPage\":{\"@id\":\"https:\/\/selwoholidayhome.com\/sv\/selwo-news-sv\/17692\/\"},\"wordCount\":257,\"commentCount\":0,\"publisher\":{\"@id\":\"https:\/\/selwoholidayhome.com\/#organization\"},\"image\":{\"@id\":\"https:\/\/selwoholidayhome.com\/sv\/selwo-news-sv\/17692\/#primaryimage\"},\"thumbnailUrl\":\"https:\/\/selwoholidayhome.com\/wp-content\/uploads\/2017\/12\/Foto-2016-06-03-11-30-39.jpg\",\"articleSection\":[\"Selwo News\"],\"inLanguage\":\"sv-SE\",\"potentialAction\":[{\"@type\":\"CommentAction\",\"name\":\"Comment\",\"target\":[\"https:\/\/selwoholidayhome.com\/sv\/selwo-news-sv\/17692\/#respond\"]}]},{\"@type\":\"WebPage\",\"@id\":\"https:\/\/selwoholidayhome.com\/sv\/selwo-news-sv\/17692\/\",\"url\":\"https:\/\/selwoholidayhome.com\/sv\/selwo-news-sv\/17692\/\",\"name\":\"Townhouse i popul\u00e4ra Monte Biarritz uthyres! &#8226; Selwo Holiday Home\",\"isPartOf\":{\"@id\":\"https:\/\/selwoholidayhome.com\/#website\"},\"primaryImageOfPage\":{\"@id\":\"https:\/\/selwoholidayhome.com\/sv\/selwo-news-sv\/17692\/#primaryimage\"},\"image\":{\"@id\":\"https:\/\/selwoholidayhome.com\/sv\/selwo-news-sv\/17692\/#primaryimage\"},\"thumbnailUrl\":\"https:\/\/selwoholidayhome.com\/wp-content\/uploads\/2017\/12\/Foto-2016-06-03-11-30-39.jpg\",\"datePublished\":\"2017-12-21T10:31:32+00:00\",\"dateModified\":\"2017-12-21T10:36:59+00:00\",\"description\":\"Detta radhus i popul\u00e4ra Monte Biarritz \u00e4r perfekt f\u00f6r den st\u00f6rre familjen eller f\u00f6r tv\u00e5 par. Den best\u00e5r av 3 sovrum, stort vardagsrum med matplats, k\u00f6k\",\"breadcrumb\":{\"@id\":\"https:\/\/selwoholidayhome.com\/sv\/selwo-news-sv\/17692\/#breadcrumb\"},\"inLanguage\":\"sv-SE\",\"potentialAction\":[{\"@type\":\"ReadAction\",\"target\":[\"https:\/\/selwoholidayhome.com\/sv\/selwo-news-sv\/17692\/\"]}]},{\"@type\":\"ImageObject\",\"inLanguage\":\"sv-SE\",\"@id\":\"https:\/\/selwoholidayhome.com\/sv\/selwo-news-sv\/17692\/#primaryimage\",\"url\":\"https:\/\/selwoholidayhome.com\/wp-content\/uploads\/2017\/12\/Foto-2016-06-03-11-30-39.jpg\",\"contentUrl\":\"https:\/\/selwoholidayhome.com\/wp-content\/uploads\/2017\/12\/Foto-2016-06-03-11-30-39.jpg\",\"width\":2048,\"height\":1536},{\"@type\":\"BreadcrumbList\",\"@id\":\"https:\/\/selwoholidayhome.com\/sv\/selwo-news-sv\/17692\/#breadcrumb\",\"itemListElement\":[{\"@type\":\"ListItem\",\"position\":1,\"name\":\"Home\",\"item\":\"https:\/\/selwoholidayhome.com\/sv\/\"},{\"@type\":\"ListItem\",\"position\":2,\"name\":\"Townhouse i popul\u00e4ra Monte Biarritz uthyres!\"}]},{\"@type\":\"WebSite\",\"@id\":\"https:\/\/selwoholidayhome.com\/#website\",\"url\":\"https:\/\/selwoholidayhome.com\/\",\"name\":\"Selwo Holiday Home\",\"description\":\"Apartments for rent on the Costa del Sol\",\"publisher\":{\"@id\":\"https:\/\/selwoholidayhome.com\/#organization\"},\"potentialAction\":[{\"@type\":\"SearchAction\",\"target\":{\"@type\":\"EntryPoint\",\"urlTemplate\":\"https:\/\/selwoholidayhome.com\/?s={search_term_string}\"},\"query-input\":{\"@type\":\"PropertyValueSpecification\",\"valueRequired\":true,\"valueName\":\"search_term_string\"}}],\"inLanguage\":\"sv-SE\"},{\"@type\":\"Organization\",\"@id\":\"https:\/\/selwoholidayhome.com\/#organization\",\"name\":\"Selwo Holiday Home\",\"url\":\"https:\/\/selwoholidayhome.com\/\",\"logo\":{\"@type\":\"ImageObject\",\"inLanguage\":\"sv-SE\",\"@id\":\"https:\/\/selwoholidayhome.com\/#\/schema\/logo\/image\/\",\"url\":\"https:\/\/selwoholidayhome.com\/wp-content\/uploads\/2015\/07\/selwo-logo-01.png\",\"contentUrl\":\"https:\/\/selwoholidayhome.com\/wp-content\/uploads\/2015\/07\/selwo-logo-01.png\",\"width\":317,\"height\":201,\"caption\":\"Selwo Holiday Home\"},\"image\":{\"@id\":\"https:\/\/selwoholidayhome.com\/#\/schema\/logo\/image\/\"}},{\"@type\":\"Person\",\"@id\":\"https:\/\/selwoholidayhome.com\/#\/schema\/person\/148a4a3091d8a5fd4e56faf4189a82dd\",\"name\":\"Mikael Elgstr\u00f6m\",\"url\":\"https:\/\/selwoholidayhome.com\/sv\/author\/mikaele\/\"}]}<\/script>\n<!-- \/ Yoast SEO plugin. -->","yoast_head_json":{"title":"Townhouse i popul\u00e4ra Monte Biarritz uthyres! &#8226; Selwo Holiday Home","description":"Detta radhus i popul\u00e4ra Monte Biarritz \u00e4r perfekt f\u00f6r den st\u00f6rre familjen eller f\u00f6r tv\u00e5 par. Den best\u00e5r av 3 sovrum, stort vardagsrum med matplats, k\u00f6k","robots":{"index":"index","follow":"follow","max-snippet":"max-snippet:-1","max-image-preview":"max-image-preview:large","max-video-preview":"max-video-preview:-1"},"canonical":"https:\/\/selwoholidayhome.com\/sv\/selwo-news-sv\/17692\/","og_locale":"sv_SE","og_type":"article","og_title":"Townhouse i popul\u00e4ra Monte Biarritz uthyres! &#8226; Selwo Holiday Home","og_description":"Detta radhus i popul\u00e4ra Monte Biarritz \u00e4r perfekt f\u00f6r den st\u00f6rre familjen eller f\u00f6r tv\u00e5 par. Den best\u00e5r av 3 sovrum, stort vardagsrum med matplats, k\u00f6k","og_url":"https:\/\/selwoholidayhome.com\/sv\/selwo-news-sv\/17692\/","og_site_name":"Selwo Holiday Home","article_published_time":"2017-12-21T10:31:32+00:00","article_modified_time":"2017-12-21T10:36:59+00:00","og_image":[{"width":2048,"height":1536,"url":"https:\/\/selwoholidayhome.com\/wp-content\/uploads\/2017\/12\/Foto-2016-06-03-11-30-39.jpg","type":"image\/jpeg"}],"author":"Mikael Elgstr\u00f6m","twitter_card":"summary_large_image","twitter_misc":{"Skriven av":"Mikael Elgstr\u00f6m","Ber\u00e4knad l\u00e4stid":"1 minut"},"schema":{"@context":"https:\/\/schema.org","@graph":[{"@type":"Article","@id":"https:\/\/selwoholidayhome.com\/sv\/selwo-news-sv\/17692\/#article","isPartOf":{"@id":"https:\/\/selwoholidayhome.com\/sv\/selwo-news-sv\/17692\/"},"author":{"name":"Mikael Elgstr\u00f6m","@id":"https:\/\/selwoholidayhome.com\/#\/schema\/person\/148a4a3091d8a5fd4e56faf4189a82dd"},"headline":"Townhouse i popul\u00e4ra Monte Biarritz uthyres!","datePublished":"2017-12-21T10:31:32+00:00","dateModified":"2017-12-21T10:36:59+00:00","mainEntityOfPage":{"@id":"https:\/\/selwoholidayhome.com\/sv\/selwo-news-sv\/17692\/"},"wordCount":257,"commentCount":0,"publisher":{"@id":"https:\/\/selwoholidayhome.com\/#organization"},"image":{"@id":"https:\/\/selwoholidayhome.com\/sv\/selwo-news-sv\/17692\/#primaryimage"},"thumbnailUrl":"https:\/\/selwoholidayhome.com\/wp-content\/uploads\/2017\/12\/Foto-2016-06-03-11-30-39.jpg","articleSection":["Selwo News"],"inLanguage":"sv-SE","potentialAction":[{"@type":"CommentAction","name":"Comment","target":["https:\/\/selwoholidayhome.com\/sv\/selwo-news-sv\/17692\/#respond"]}]},{"@type":"WebPage","@id":"https:\/\/selwoholidayhome.com\/sv\/selwo-news-sv\/17692\/","url":"https:\/\/selwoholidayhome.com\/sv\/selwo-news-sv\/17692\/","name":"Townhouse i popul\u00e4ra Monte Biarritz uthyres! &#8226; Selwo Holiday Home","isPartOf":{"@id":"https:\/\/selwoholidayhome.com\/#website"},"primaryImageOfPage":{"@id":"https:\/\/selwoholidayhome.com\/sv\/selwo-news-sv\/17692\/#primaryimage"},"image":{"@id":"https:\/\/selwoholidayhome.com\/sv\/selwo-news-sv\/17692\/#primaryimage"},"thumbnailUrl":"https:\/\/selwoholidayhome.com\/wp-content\/uploads\/2017\/12\/Foto-2016-06-03-11-30-39.jpg","datePublished":"2017-12-21T10:31:32+00:00","dateModified":"2017-12-21T10:36:59+00:00","description":"Detta radhus i popul\u00e4ra Monte Biarritz \u00e4r perfekt f\u00f6r den st\u00f6rre familjen eller f\u00f6r tv\u00e5 par. Den best\u00e5r av 3 sovrum, stort vardagsrum med matplats, k\u00f6k","breadcrumb":{"@id":"https:\/\/selwoholidayhome.com\/sv\/selwo-news-sv\/17692\/#breadcrumb"},"inLanguage":"sv-SE","potentialAction":[{"@type":"ReadAction","target":["https:\/\/selwoholidayhome.com\/sv\/selwo-news-sv\/17692\/"]}]},{"@type":"ImageObject","inLanguage":"sv-SE","@id":"https:\/\/selwoholidayhome.com\/sv\/selwo-news-sv\/17692\/#primaryimage","url":"https:\/\/selwoholidayhome.com\/wp-content\/uploads\/2017\/12\/Foto-2016-06-03-11-30-39.jpg","contentUrl":"https:\/\/selwoholidayhome.com\/wp-content\/uploads\/2017\/12\/Foto-2016-06-03-11-30-39.jpg","width":2048,"height":1536},{"@type":"BreadcrumbList","@id":"https:\/\/selwoholidayhome.com\/sv\/selwo-news-sv\/17692\/#breadcrumb","itemListElement":[{"@type":"ListItem","position":1,"name":"Home","item":"https:\/\/selwoholidayhome.com\/sv\/"},{"@type":"ListItem","position":2,"name":"Townhouse i popul\u00e4ra Monte Biarritz uthyres!"}]},{"@type":"WebSite","@id":"https:\/\/selwoholidayhome.com\/#website","url":"https:\/\/selwoholidayhome.com\/","name":"Selwo Holiday Home","description":"Apartments for rent on the Costa del Sol","publisher":{"@id":"https:\/\/selwoholidayhome.com\/#organization"},"potentialAction":[{"@type":"SearchAction","target":{"@type":"EntryPoint","urlTemplate":"https:\/\/selwoholidayhome.com\/?s={search_term_string}"},"query-input":{"@type":"PropertyValueSpecification","valueRequired":true,"valueName":"search_term_string"}}],"inLanguage":"sv-SE"},{"@type":"Organization","@id":"https:\/\/selwoholidayhome.com\/#organization","name":"Selwo Holiday Home","url":"https:\/\/selwoholidayhome.com\/","logo":{"@type":"ImageObject","inLanguage":"sv-SE","@id":"https:\/\/selwoholidayhome.com\/#\/schema\/logo\/image\/","url":"https:\/\/selwoholidayhome.com\/wp-content\/uploads\/2015\/07\/selwo-logo-01.png","contentUrl":"https:\/\/selwoholidayhome.com\/wp-content\/uploads\/2015\/07\/selwo-logo-01.png","width":317,"height":201,"caption":"Selwo Holiday Home"},"image":{"@id":"https:\/\/selwoholidayhome.com\/#\/schema\/logo\/image\/"}},{"@type":"Person","@id":"https:\/\/selwoholidayhome.com\/#\/schema\/person\/148a4a3091d8a5fd4e56faf4189a82dd","name":"Mikael Elgstr\u00f6m","url":"https:\/\/selwoholidayhome.com\/sv\/author\/mikaele\/"}]}},"_links":{"self":[{"href":"https:\/\/selwoholidayhome.com\/sv\/wp-json\/wp\/v2\/posts\/17694","targetHints":{"allow":["GET"]}}],"collection":[{"href":"https:\/\/selwoholidayhome.com\/sv\/wp-json\/wp\/v2\/posts"}],"about":[{"href":"https:\/\/selwoholidayhome.com\/sv\/wp-json\/wp\/v2\/types\/post"}],"author":[{"embeddable":true,"href":"https:\/\/selwoholidayhome.com\/sv\/wp-json\/wp\/v2\/users\/5"}],"replies":[{"embeddable":true,"href":"https:\/\/selwoholidayhome.com\/sv\/wp-json\/wp\/v2\/comments?post=17694"}],"version-history":[{"count":2,"href":"https:\/\/selwoholidayhome.com\/sv\/wp-json\/wp\/v2\/posts\/17694\/revisions"}],"predecessor-version":[{"id":17696,"href":"https:\/\/selwoholidayhome.com\/sv\/wp-json\/wp\/v2\/posts\/17694\/revisions\/17696"}],"wp:featuredmedia":[{"embeddable":true,"href":"https:\/\/selwoholidayhome.com\/sv\/wp-json\/wp\/v2\/media\/17360"}],"wp:attachment":[{"href":"https:\/\/selwoholidayhome.com\/sv\/wp-json\/wp\/v2\/media?parent=17694"}],"wp:term":[{"taxonomy":"category","embeddable":true,"href":"https:\/\/selwoholidayhome.com\/sv\/wp-json\/wp\/v2\/categories?post=17694"},{"taxonomy":"post_tag","embeddable":true,"href":"https:\/\/selwoholidayhome.com\/sv\/wp-json\/wp\/v2\/tags?post=17694"}],"curies":[{"name":"wp","href":"https:\/\/api.w.org\/{rel}","templated":true}]}}