{"id":14506,"date":"2017-03-26T16:34:07","date_gmt":"2017-03-26T16:34:07","guid":{"rendered":"http:\/\/selwoholidayhome.com\/sv\/newly-renovated-apt-roof-terrace-popular-los-dragos\/"},"modified":"2017-03-26T16:48:30","modified_gmt":"2017-03-26T16:48:30","slug":"newly-renovated-apt-roof-terrace-popular-los-dragos","status":"publish","type":"post","link":"https:\/\/selwoholidayhome.com\/sv\/selwo-news-sv\/newly-renovated-apt-roof-terrace-popular-los-dragos\/","title":{"rendered":"Nyrenoverad lght. med takterrass p\u00e5 popul\u00e4ra Los Dragos!"},"content":{"rendered":"<p>Denna nyrenoverade l\u00e4genheten \u00e4r bel\u00e4gen i det popul\u00e4ra omr\u00e5det Los Dragos alldeles invid Aloha Gardens.<br \/>\nL\u00e4genheten best\u00e5r av tv\u00e5 sovrum med dubbels\u00e4ngar, vardagsrum med matrumsdel samt tv\u00e5 badrum.<br \/>\nDessutom finns ett v\u00e4lutrustat k\u00f6k med allt som ni kan t\u00e4nkas beh\u00f6va p\u00e5 er semester.<br \/>\nIfr\u00e5n k\u00f6ket finns en trappa upp till den stora takterrassen som inneh\u00e5ller sols\u00e4ngar och en lounge area.<br \/>\nP\u00e5 takterrassen har man sol under dygnets alla ljusa timmar!<br \/>\nF\u00f6r den som f\u00f6redrar en lunch eller en kopp kaffe i skuggan, finns ytterligare en terrass med direktanslutning ifr\u00e5n vardagsrummet. P\u00e5 omr\u00e5det finns bl.a. ett vackert poolomr\u00e5de, samt en tennisbana.<br \/>\nI n\u00e4romr\u00e5det finns m\u00e5nga restauranger, caf\u00e9, barer och sm\u00e5 butiker.<br \/>\nDessutom finns det en Taxi dep\u00e5 och bussh\u00e5llplats alldeles utanf\u00f6r Los Dragos, vilket \u00e4r praktiskt om man inte har tillg\u00e5ng till bil.<br \/>\nEn 6 minuters bilf\u00e4rd bort finns den ber\u00f6mda hamnen Puerto Banus med lyx och glamour i \u00f6verfl\u00f6d.<br \/>\nI anslutning till hamnen finner ni \u00e4ven en strandpromenad som knyter samman Marbella med San Pedro.<br \/>\nKommersiella Centro Plaza ligger halvv\u00e4gs till hamnen och h\u00e4r kan ni bes\u00f6ka en av solkustens st\u00f6rsta marknader varje l\u00f6rdag mellan kl.10-14.<br \/>\nF\u00f6r den golfintresserade finns flera v\u00e4lk\u00e4nda golfbanor p\u00e5 bara n\u00e5gra kilometers avst\u00e5nd, s\u00e5som Los Naranjos, Aloha, Las Brisas, La Quinta m.fl.<\/p>\n<p>F\u00f6r mer info klicka p\u00e5 denna l\u00e4nk:<br \/>\n<strong><a href=\"\/?p=13101\">http:\/\/selwoholidayhome.com\/sv\/fastigheter\/los-dragos\/<\/a><\/strong><\/p>\n","protected":false},"excerpt":{"rendered":"<p>Denna nyrenoverade l\u00e4genheten \u00e4r bel\u00e4gen i det popul\u00e4ra omr\u00e5det Los Dragos alldeles invid Aloha Gardens. L\u00e4genheten best\u00e5r av tv\u00e5 sovrum med dubbels\u00e4ngar, vardagsrum med matrumsdel samt tv\u00e5 badrum. Dessutom finns ett v\u00e4lutrustat k\u00f6k med allt som ni kan t\u00e4nkas beh\u00f6va p\u00e5 er semester. Ifr\u00e5n k\u00f6ket finns en trappa upp till den stora takterrassen som inneh\u00e5ller sols\u00e4ngar och en lounge area&#8230;.<\/p>\n<div><a href=\"https:\/\/selwoholidayhome.com\/sv\/selwo-news-sv\/newly-renovated-apt-roof-terrace-popular-los-dragos\/\" class=\"read-more\">L\u00e4s Mer  <i class=\"fa fa-arrow-circle-o-right\"><\/i><\/a><\/div>\n","protected":false},"author":5,"featured_media":14470,"comment_status":"open","ping_status":"open","sticky":false,"template":"","format":"standard","meta":{"footnotes":""},"categories":[121],"tags":[],"class_list":["post-14506","post","type-post","status-publish","format-standard","has-post-thumbnail","hentry","category-selwo-news-sv","has-featured"],"yoast_head":"<!-- This site is optimized with the Yoast SEO plugin v26.0 - https:\/\/yoast.com\/wordpress\/plugins\/seo\/ -->\n<title>Nyrenoverad lght. med takterrass p\u00e5 popul\u00e4ra Los Dragos! &#8226; Selwo Holiday Home<\/title>\n<meta name=\"description\" content=\"Denna nyrenoverade l\u00e4genheten \u00e4r bel\u00e4gen i det popul\u00e4ra omr\u00e5det Los Dragos alldeles invid Aloha Gardens. L\u00e4genheten best\u00e5r av tv\u00e5 sovrum med dubbels\u00e4ngar,\" \/>\n<meta name=\"robots\" content=\"index, follow, max-snippet:-1, max-image-preview:large, max-video-preview:-1\" \/>\n<link rel=\"canonical\" href=\"https:\/\/selwoholidayhome.com\/sv\/selwo-news-sv\/newly-renovated-apt-roof-terrace-popular-los-dragos\/\" \/>\n<meta property=\"og:locale\" content=\"sv_SE\" \/>\n<meta property=\"og:type\" content=\"article\" \/>\n<meta property=\"og:title\" content=\"Nyrenoverad lght. med takterrass p\u00e5 popul\u00e4ra Los Dragos! &#8226; Selwo Holiday Home\" \/>\n<meta property=\"og:description\" content=\"Denna nyrenoverade l\u00e4genheten \u00e4r bel\u00e4gen i det popul\u00e4ra omr\u00e5det Los Dragos alldeles invid Aloha Gardens. L\u00e4genheten best\u00e5r av tv\u00e5 sovrum med dubbels\u00e4ngar,\" \/>\n<meta property=\"og:url\" content=\"https:\/\/selwoholidayhome.com\/sv\/selwo-news-sv\/newly-renovated-apt-roof-terrace-popular-los-dragos\/\" \/>\n<meta property=\"og:site_name\" content=\"Selwo Holiday Home\" \/>\n<meta property=\"article:published_time\" content=\"2017-03-26T16:34:07+00:00\" \/>\n<meta property=\"article:modified_time\" content=\"2017-03-26T16:48:30+00:00\" \/>\n<meta property=\"og:image\" content=\"https:\/\/selwoholidayhome.com\/wp-content\/uploads\/2017\/02\/IMG_3438.jpg\" \/>\n\t<meta property=\"og:image:width\" content=\"2048\" \/>\n\t<meta property=\"og:image:height\" content=\"1366\" \/>\n\t<meta property=\"og:image:type\" content=\"image\/jpeg\" \/>\n<meta name=\"author\" content=\"Mikael Elgstr\u00f6m\" \/>\n<meta name=\"twitter:card\" content=\"summary_large_image\" \/>\n<meta name=\"twitter:label1\" content=\"Skriven av\" \/>\n\t<meta name=\"twitter:data1\" content=\"Mikael Elgstr\u00f6m\" \/>\n\t<meta name=\"twitter:label2\" content=\"Ber\u00e4knad l\u00e4stid\" \/>\n\t<meta name=\"twitter:data2\" content=\"1 minut\" \/>\n<script type=\"application\/ld+json\" class=\"yoast-schema-graph\">{\"@context\":\"https:\/\/schema.org\",\"@graph\":[{\"@type\":\"Article\",\"@id\":\"https:\/\/selwoholidayhome.com\/sv\/selwo-news-sv\/newly-renovated-apt-roof-terrace-popular-los-dragos\/#article\",\"isPartOf\":{\"@id\":\"https:\/\/selwoholidayhome.com\/sv\/selwo-news-sv\/newly-renovated-apt-roof-terrace-popular-los-dragos\/\"},\"author\":{\"name\":\"Mikael Elgstr\u00f6m\",\"@id\":\"https:\/\/selwoholidayhome.com\/#\/schema\/person\/148a4a3091d8a5fd4e56faf4189a82dd\"},\"headline\":\"Nyrenoverad lght. med takterrass p\u00e5 popul\u00e4ra Los Dragos!\",\"datePublished\":\"2017-03-26T16:34:07+00:00\",\"dateModified\":\"2017-03-26T16:48:30+00:00\",\"mainEntityOfPage\":{\"@id\":\"https:\/\/selwoholidayhome.com\/sv\/selwo-news-sv\/newly-renovated-apt-roof-terrace-popular-los-dragos\/\"},\"wordCount\":273,\"commentCount\":0,\"publisher\":{\"@id\":\"https:\/\/selwoholidayhome.com\/#organization\"},\"image\":{\"@id\":\"https:\/\/selwoholidayhome.com\/sv\/selwo-news-sv\/newly-renovated-apt-roof-terrace-popular-los-dragos\/#primaryimage\"},\"thumbnailUrl\":\"https:\/\/selwoholidayhome.com\/wp-content\/uploads\/2017\/02\/IMG_3438.jpg\",\"articleSection\":[\"Selwo News\"],\"inLanguage\":\"sv-SE\",\"potentialAction\":[{\"@type\":\"CommentAction\",\"name\":\"Comment\",\"target\":[\"https:\/\/selwoholidayhome.com\/sv\/selwo-news-sv\/newly-renovated-apt-roof-terrace-popular-los-dragos\/#respond\"]}]},{\"@type\":\"WebPage\",\"@id\":\"https:\/\/selwoholidayhome.com\/sv\/selwo-news-sv\/newly-renovated-apt-roof-terrace-popular-los-dragos\/\",\"url\":\"https:\/\/selwoholidayhome.com\/sv\/selwo-news-sv\/newly-renovated-apt-roof-terrace-popular-los-dragos\/\",\"name\":\"Nyrenoverad lght. med takterrass p\u00e5 popul\u00e4ra Los Dragos! &#8226; Selwo Holiday Home\",\"isPartOf\":{\"@id\":\"https:\/\/selwoholidayhome.com\/#website\"},\"primaryImageOfPage\":{\"@id\":\"https:\/\/selwoholidayhome.com\/sv\/selwo-news-sv\/newly-renovated-apt-roof-terrace-popular-los-dragos\/#primaryimage\"},\"image\":{\"@id\":\"https:\/\/selwoholidayhome.com\/sv\/selwo-news-sv\/newly-renovated-apt-roof-terrace-popular-los-dragos\/#primaryimage\"},\"thumbnailUrl\":\"https:\/\/selwoholidayhome.com\/wp-content\/uploads\/2017\/02\/IMG_3438.jpg\",\"datePublished\":\"2017-03-26T16:34:07+00:00\",\"dateModified\":\"2017-03-26T16:48:30+00:00\",\"description\":\"Denna nyrenoverade l\u00e4genheten \u00e4r bel\u00e4gen i det popul\u00e4ra omr\u00e5det Los Dragos alldeles invid Aloha Gardens. L\u00e4genheten best\u00e5r av tv\u00e5 sovrum med dubbels\u00e4ngar,\",\"breadcrumb\":{\"@id\":\"https:\/\/selwoholidayhome.com\/sv\/selwo-news-sv\/newly-renovated-apt-roof-terrace-popular-los-dragos\/#breadcrumb\"},\"inLanguage\":\"sv-SE\",\"potentialAction\":[{\"@type\":\"ReadAction\",\"target\":[\"https:\/\/selwoholidayhome.com\/sv\/selwo-news-sv\/newly-renovated-apt-roof-terrace-popular-los-dragos\/\"]}]},{\"@type\":\"ImageObject\",\"inLanguage\":\"sv-SE\",\"@id\":\"https:\/\/selwoholidayhome.com\/sv\/selwo-news-sv\/newly-renovated-apt-roof-terrace-popular-los-dragos\/#primaryimage\",\"url\":\"https:\/\/selwoholidayhome.com\/wp-content\/uploads\/2017\/02\/IMG_3438.jpg\",\"contentUrl\":\"https:\/\/selwoholidayhome.com\/wp-content\/uploads\/2017\/02\/IMG_3438.jpg\",\"width\":2048,\"height\":1366},{\"@type\":\"BreadcrumbList\",\"@id\":\"https:\/\/selwoholidayhome.com\/sv\/selwo-news-sv\/newly-renovated-apt-roof-terrace-popular-los-dragos\/#breadcrumb\",\"itemListElement\":[{\"@type\":\"ListItem\",\"position\":1,\"name\":\"Home\",\"item\":\"https:\/\/selwoholidayhome.com\/sv\/\"},{\"@type\":\"ListItem\",\"position\":2,\"name\":\"Nyrenoverad lght. med takterrass p\u00e5 popul\u00e4ra Los Dragos!\"}]},{\"@type\":\"WebSite\",\"@id\":\"https:\/\/selwoholidayhome.com\/#website\",\"url\":\"https:\/\/selwoholidayhome.com\/\",\"name\":\"Selwo Holiday Home\",\"description\":\"Apartments for rent on the Costa del Sol\",\"publisher\":{\"@id\":\"https:\/\/selwoholidayhome.com\/#organization\"},\"potentialAction\":[{\"@type\":\"SearchAction\",\"target\":{\"@type\":\"EntryPoint\",\"urlTemplate\":\"https:\/\/selwoholidayhome.com\/?s={search_term_string}\"},\"query-input\":{\"@type\":\"PropertyValueSpecification\",\"valueRequired\":true,\"valueName\":\"search_term_string\"}}],\"inLanguage\":\"sv-SE\"},{\"@type\":\"Organization\",\"@id\":\"https:\/\/selwoholidayhome.com\/#organization\",\"name\":\"Selwo Holiday Home\",\"url\":\"https:\/\/selwoholidayhome.com\/\",\"logo\":{\"@type\":\"ImageObject\",\"inLanguage\":\"sv-SE\",\"@id\":\"https:\/\/selwoholidayhome.com\/#\/schema\/logo\/image\/\",\"url\":\"https:\/\/selwoholidayhome.com\/wp-content\/uploads\/2015\/07\/selwo-logo-01.png\",\"contentUrl\":\"https:\/\/selwoholidayhome.com\/wp-content\/uploads\/2015\/07\/selwo-logo-01.png\",\"width\":317,\"height\":201,\"caption\":\"Selwo Holiday Home\"},\"image\":{\"@id\":\"https:\/\/selwoholidayhome.com\/#\/schema\/logo\/image\/\"}},{\"@type\":\"Person\",\"@id\":\"https:\/\/selwoholidayhome.com\/#\/schema\/person\/148a4a3091d8a5fd4e56faf4189a82dd\",\"name\":\"Mikael Elgstr\u00f6m\",\"url\":\"https:\/\/selwoholidayhome.com\/sv\/author\/mikaele\/\"}]}<\/script>\n<!-- \/ Yoast SEO plugin. -->","yoast_head_json":{"title":"Nyrenoverad lght. med takterrass p\u00e5 popul\u00e4ra Los Dragos! &#8226; Selwo Holiday Home","description":"Denna nyrenoverade l\u00e4genheten \u00e4r bel\u00e4gen i det popul\u00e4ra omr\u00e5det Los Dragos alldeles invid Aloha Gardens. L\u00e4genheten best\u00e5r av tv\u00e5 sovrum med dubbels\u00e4ngar,","robots":{"index":"index","follow":"follow","max-snippet":"max-snippet:-1","max-image-preview":"max-image-preview:large","max-video-preview":"max-video-preview:-1"},"canonical":"https:\/\/selwoholidayhome.com\/sv\/selwo-news-sv\/newly-renovated-apt-roof-terrace-popular-los-dragos\/","og_locale":"sv_SE","og_type":"article","og_title":"Nyrenoverad lght. med takterrass p\u00e5 popul\u00e4ra Los Dragos! &#8226; Selwo Holiday Home","og_description":"Denna nyrenoverade l\u00e4genheten \u00e4r bel\u00e4gen i det popul\u00e4ra omr\u00e5det Los Dragos alldeles invid Aloha Gardens. L\u00e4genheten best\u00e5r av tv\u00e5 sovrum med dubbels\u00e4ngar,","og_url":"https:\/\/selwoholidayhome.com\/sv\/selwo-news-sv\/newly-renovated-apt-roof-terrace-popular-los-dragos\/","og_site_name":"Selwo Holiday Home","article_published_time":"2017-03-26T16:34:07+00:00","article_modified_time":"2017-03-26T16:48:30+00:00","og_image":[{"width":2048,"height":1366,"url":"https:\/\/selwoholidayhome.com\/wp-content\/uploads\/2017\/02\/IMG_3438.jpg","type":"image\/jpeg"}],"author":"Mikael Elgstr\u00f6m","twitter_card":"summary_large_image","twitter_misc":{"Skriven av":"Mikael Elgstr\u00f6m","Ber\u00e4knad l\u00e4stid":"1 minut"},"schema":{"@context":"https:\/\/schema.org","@graph":[{"@type":"Article","@id":"https:\/\/selwoholidayhome.com\/sv\/selwo-news-sv\/newly-renovated-apt-roof-terrace-popular-los-dragos\/#article","isPartOf":{"@id":"https:\/\/selwoholidayhome.com\/sv\/selwo-news-sv\/newly-renovated-apt-roof-terrace-popular-los-dragos\/"},"author":{"name":"Mikael Elgstr\u00f6m","@id":"https:\/\/selwoholidayhome.com\/#\/schema\/person\/148a4a3091d8a5fd4e56faf4189a82dd"},"headline":"Nyrenoverad lght. med takterrass p\u00e5 popul\u00e4ra Los Dragos!","datePublished":"2017-03-26T16:34:07+00:00","dateModified":"2017-03-26T16:48:30+00:00","mainEntityOfPage":{"@id":"https:\/\/selwoholidayhome.com\/sv\/selwo-news-sv\/newly-renovated-apt-roof-terrace-popular-los-dragos\/"},"wordCount":273,"commentCount":0,"publisher":{"@id":"https:\/\/selwoholidayhome.com\/#organization"},"image":{"@id":"https:\/\/selwoholidayhome.com\/sv\/selwo-news-sv\/newly-renovated-apt-roof-terrace-popular-los-dragos\/#primaryimage"},"thumbnailUrl":"https:\/\/selwoholidayhome.com\/wp-content\/uploads\/2017\/02\/IMG_3438.jpg","articleSection":["Selwo News"],"inLanguage":"sv-SE","potentialAction":[{"@type":"CommentAction","name":"Comment","target":["https:\/\/selwoholidayhome.com\/sv\/selwo-news-sv\/newly-renovated-apt-roof-terrace-popular-los-dragos\/#respond"]}]},{"@type":"WebPage","@id":"https:\/\/selwoholidayhome.com\/sv\/selwo-news-sv\/newly-renovated-apt-roof-terrace-popular-los-dragos\/","url":"https:\/\/selwoholidayhome.com\/sv\/selwo-news-sv\/newly-renovated-apt-roof-terrace-popular-los-dragos\/","name":"Nyrenoverad lght. med takterrass p\u00e5 popul\u00e4ra Los Dragos! &#8226; Selwo Holiday Home","isPartOf":{"@id":"https:\/\/selwoholidayhome.com\/#website"},"primaryImageOfPage":{"@id":"https:\/\/selwoholidayhome.com\/sv\/selwo-news-sv\/newly-renovated-apt-roof-terrace-popular-los-dragos\/#primaryimage"},"image":{"@id":"https:\/\/selwoholidayhome.com\/sv\/selwo-news-sv\/newly-renovated-apt-roof-terrace-popular-los-dragos\/#primaryimage"},"thumbnailUrl":"https:\/\/selwoholidayhome.com\/wp-content\/uploads\/2017\/02\/IMG_3438.jpg","datePublished":"2017-03-26T16:34:07+00:00","dateModified":"2017-03-26T16:48:30+00:00","description":"Denna nyrenoverade l\u00e4genheten \u00e4r bel\u00e4gen i det popul\u00e4ra omr\u00e5det Los Dragos alldeles invid Aloha Gardens. L\u00e4genheten best\u00e5r av tv\u00e5 sovrum med dubbels\u00e4ngar,","breadcrumb":{"@id":"https:\/\/selwoholidayhome.com\/sv\/selwo-news-sv\/newly-renovated-apt-roof-terrace-popular-los-dragos\/#breadcrumb"},"inLanguage":"sv-SE","potentialAction":[{"@type":"ReadAction","target":["https:\/\/selwoholidayhome.com\/sv\/selwo-news-sv\/newly-renovated-apt-roof-terrace-popular-los-dragos\/"]}]},{"@type":"ImageObject","inLanguage":"sv-SE","@id":"https:\/\/selwoholidayhome.com\/sv\/selwo-news-sv\/newly-renovated-apt-roof-terrace-popular-los-dragos\/#primaryimage","url":"https:\/\/selwoholidayhome.com\/wp-content\/uploads\/2017\/02\/IMG_3438.jpg","contentUrl":"https:\/\/selwoholidayhome.com\/wp-content\/uploads\/2017\/02\/IMG_3438.jpg","width":2048,"height":1366},{"@type":"BreadcrumbList","@id":"https:\/\/selwoholidayhome.com\/sv\/selwo-news-sv\/newly-renovated-apt-roof-terrace-popular-los-dragos\/#breadcrumb","itemListElement":[{"@type":"ListItem","position":1,"name":"Home","item":"https:\/\/selwoholidayhome.com\/sv\/"},{"@type":"ListItem","position":2,"name":"Nyrenoverad lght. med takterrass p\u00e5 popul\u00e4ra Los Dragos!"}]},{"@type":"WebSite","@id":"https:\/\/selwoholidayhome.com\/#website","url":"https:\/\/selwoholidayhome.com\/","name":"Selwo Holiday Home","description":"Apartments for rent on the Costa del Sol","publisher":{"@id":"https:\/\/selwoholidayhome.com\/#organization"},"potentialAction":[{"@type":"SearchAction","target":{"@type":"EntryPoint","urlTemplate":"https:\/\/selwoholidayhome.com\/?s={search_term_string}"},"query-input":{"@type":"PropertyValueSpecification","valueRequired":true,"valueName":"search_term_string"}}],"inLanguage":"sv-SE"},{"@type":"Organization","@id":"https:\/\/selwoholidayhome.com\/#organization","name":"Selwo Holiday Home","url":"https:\/\/selwoholidayhome.com\/","logo":{"@type":"ImageObject","inLanguage":"sv-SE","@id":"https:\/\/selwoholidayhome.com\/#\/schema\/logo\/image\/","url":"https:\/\/selwoholidayhome.com\/wp-content\/uploads\/2015\/07\/selwo-logo-01.png","contentUrl":"https:\/\/selwoholidayhome.com\/wp-content\/uploads\/2015\/07\/selwo-logo-01.png","width":317,"height":201,"caption":"Selwo Holiday Home"},"image":{"@id":"https:\/\/selwoholidayhome.com\/#\/schema\/logo\/image\/"}},{"@type":"Person","@id":"https:\/\/selwoholidayhome.com\/#\/schema\/person\/148a4a3091d8a5fd4e56faf4189a82dd","name":"Mikael Elgstr\u00f6m","url":"https:\/\/selwoholidayhome.com\/sv\/author\/mikaele\/"}]}},"_links":{"self":[{"href":"https:\/\/selwoholidayhome.com\/sv\/wp-json\/wp\/v2\/posts\/14506","targetHints":{"allow":["GET"]}}],"collection":[{"href":"https:\/\/selwoholidayhome.com\/sv\/wp-json\/wp\/v2\/posts"}],"about":[{"href":"https:\/\/selwoholidayhome.com\/sv\/wp-json\/wp\/v2\/types\/post"}],"author":[{"embeddable":true,"href":"https:\/\/selwoholidayhome.com\/sv\/wp-json\/wp\/v2\/users\/5"}],"replies":[{"embeddable":true,"href":"https:\/\/selwoholidayhome.com\/sv\/wp-json\/wp\/v2\/comments?post=14506"}],"version-history":[{"count":3,"href":"https:\/\/selwoholidayhome.com\/sv\/wp-json\/wp\/v2\/posts\/14506\/revisions"}],"predecessor-version":[{"id":14509,"href":"https:\/\/selwoholidayhome.com\/sv\/wp-json\/wp\/v2\/posts\/14506\/revisions\/14509"}],"wp:featuredmedia":[{"embeddable":true,"href":"https:\/\/selwoholidayhome.com\/sv\/wp-json\/wp\/v2\/media\/14470"}],"wp:attachment":[{"href":"https:\/\/selwoholidayhome.com\/sv\/wp-json\/wp\/v2\/media?parent=14506"}],"wp:term":[{"taxonomy":"category","embeddable":true,"href":"https:\/\/selwoholidayhome.com\/sv\/wp-json\/wp\/v2\/categories?post=14506"},{"taxonomy":"post_tag","embeddable":true,"href":"https:\/\/selwoholidayhome.com\/sv\/wp-json\/wp\/v2\/tags?post=14506"}],"curies":[{"name":"wp","href":"https:\/\/api.w.org\/{rel}","templated":true}]}}