{"id":13487,"date":"2017-02-03T11:17:21","date_gmt":"2017-02-03T11:17:21","guid":{"rendered":"http:\/\/selwoholidayhome.com\/sv\/great-located-apt-san-pedro\/"},"modified":"2017-02-03T11:19:36","modified_gmt":"2017-02-03T11:19:36","slug":"great-located-apt-san-pedro","status":"publish","type":"post","link":"https:\/\/selwoholidayhome.com\/sv\/selwo-news-sv\/great-located-apt-san-pedro\/","title":{"rendered":"Great located apt. in San Pedro de Alc\u00e1ntara out for rent!"},"content":{"rendered":"<p>Denna fr\u00e4scha nym\u00f6blerade l\u00e4genhet inneh\u00e5ller tv\u00e5 sovrum, vardagsrum med matrumsdel, badrum samt k\u00f6k.<br \/>\nL\u00e4genheten \u00e4r fullt utrustad f\u00f6r att ge er en behaglig semester.<br \/>\nTerrassen ligger i anslutning till vardagsrummet och h\u00e4rifr\u00e5n har ni utsikt \u00f6ver pooler, tennisbanor, en vacker och v\u00e4lsk\u00f6tt tr\u00e4dg\u00e5rd samt havsutsikt.<br \/>\nOmr\u00e5det har tv\u00e5 pooler, varav en stor pool f\u00f6r barn! Terrassen \u00e4r i v\u00e4sterl\u00e4ge vilket betyder eftermiddags sol.<br \/>\nH\u00e4r kan ni med f\u00f6rdel avnjuta fina solnedg\u00e5ngar p\u00e5 terrassen med ett glas r\u00f6dvin och lite tapas.<br \/>\nDet \u00e4r vad jag kallar livskvalit\u00e9t!<br \/>\nResidence Lorcrisur ligger i ett lugnt omr\u00e5de, bara fyra minuters promenad till havet.<br \/>\nL\u00e4genheten \u00e4r s\u00e4rskilt perfekt f\u00f6r par, familjer och golfare.<br \/>\nPuerto Banus och San Pedro centrum \u00e4r en 5-minuters bilresa bort och dessutom \u00e4r ni bara 10-15 minuters bilresa ifr\u00e5n Estepona respektive Marbella centrum.<br \/>\nF\u00f6r den golfintresserade s\u00e5 \u00e4r ni endast 5-10 minuters bilresa ifr\u00e5n t.ex. Los Naranjos, Aloha, Las Brisas, Guadalmina och El Paraiso Golf.<br \/>\nDenna l\u00e4genhet ligger helt enkelt perfekt bel\u00e4gen f\u00f6r att t\u00e4cka in allas behov!<\/p>\n<p>F\u00f6r mer info klicka p\u00e5 f\u00f6ljande l\u00e4nk:<br \/>\n<strong><a href=\"\/?p=13378\">http:\/\/selwoholidayhome.com\/sv\/fastigheter\/san-pedro-de-alcantara-holiday-home-2\/<\/a><\/strong><\/p>\n","protected":false},"excerpt":{"rendered":"<p>Denna fr\u00e4scha nym\u00f6blerade l\u00e4genhet inneh\u00e5ller tv\u00e5 sovrum, vardagsrum med matrumsdel, badrum samt k\u00f6k. L\u00e4genheten \u00e4r fullt utrustad f\u00f6r att ge er en behaglig semester. Terrassen ligger i anslutning till vardagsrummet och h\u00e4rifr\u00e5n har ni utsikt \u00f6ver pooler, tennisbanor, en vacker och v\u00e4lsk\u00f6tt tr\u00e4dg\u00e5rd samt havsutsikt. Omr\u00e5det har tv\u00e5 pooler, varav en stor pool f\u00f6r barn! Terrassen \u00e4r i v\u00e4sterl\u00e4ge vilket&#8230;<\/p>\n<div><a href=\"https:\/\/selwoholidayhome.com\/sv\/selwo-news-sv\/great-located-apt-san-pedro\/\" class=\"read-more\">L\u00e4s Mer  <i class=\"fa fa-arrow-circle-o-right\"><\/i><\/a><\/div>\n","protected":false},"author":5,"featured_media":13432,"comment_status":"open","ping_status":"open","sticky":false,"template":"","format":"standard","meta":{"footnotes":""},"categories":[121],"tags":[],"class_list":["post-13487","post","type-post","status-publish","format-standard","has-post-thumbnail","hentry","category-selwo-news-sv","has-featured"],"yoast_head":"<!-- This site is optimized with the Yoast SEO plugin v26.0 - https:\/\/yoast.com\/wordpress\/plugins\/seo\/ -->\n<title>Great located apt. in San Pedro de Alc\u00e1ntara out for rent! &#8226; Selwo Holiday Home<\/title>\n<meta name=\"description\" content=\"Denna fr\u00e4scha nym\u00f6blerade l\u00e4genhet inneh\u00e5ller tv\u00e5 sovrum, vardagsrum med matrumsdel, badrum samt k\u00f6k. L\u00e4genheten \u00e4r fullt utrustad f\u00f6r att ge er en\" \/>\n<meta name=\"robots\" content=\"index, follow, max-snippet:-1, max-image-preview:large, max-video-preview:-1\" \/>\n<link rel=\"canonical\" href=\"https:\/\/selwoholidayhome.com\/sv\/selwo-news-sv\/great-located-apt-san-pedro\/\" \/>\n<meta property=\"og:locale\" content=\"sv_SE\" \/>\n<meta property=\"og:type\" content=\"article\" \/>\n<meta property=\"og:title\" content=\"Great located apt. in San Pedro de Alc\u00e1ntara out for rent! &#8226; Selwo Holiday Home\" \/>\n<meta property=\"og:description\" content=\"Denna fr\u00e4scha nym\u00f6blerade l\u00e4genhet inneh\u00e5ller tv\u00e5 sovrum, vardagsrum med matrumsdel, badrum samt k\u00f6k. L\u00e4genheten \u00e4r fullt utrustad f\u00f6r att ge er en\" \/>\n<meta property=\"og:url\" content=\"https:\/\/selwoholidayhome.com\/sv\/selwo-news-sv\/great-located-apt-san-pedro\/\" \/>\n<meta property=\"og:site_name\" content=\"Selwo Holiday Home\" \/>\n<meta property=\"article:published_time\" content=\"2017-02-03T11:17:21+00:00\" \/>\n<meta property=\"article:modified_time\" content=\"2017-02-03T11:19:36+00:00\" \/>\n<meta property=\"og:image\" content=\"https:\/\/selwoholidayhome.com\/wp-content\/uploads\/2017\/02\/IMG_2934.jpg\" \/>\n\t<meta property=\"og:image:width\" content=\"2048\" \/>\n\t<meta property=\"og:image:height\" content=\"1365\" \/>\n\t<meta property=\"og:image:type\" content=\"image\/jpeg\" \/>\n<meta name=\"author\" content=\"Mikael Elgstr\u00f6m\" \/>\n<meta name=\"twitter:card\" content=\"summary_large_image\" \/>\n<meta name=\"twitter:label1\" content=\"Skriven av\" \/>\n\t<meta name=\"twitter:data1\" content=\"Mikael Elgstr\u00f6m\" \/>\n\t<meta name=\"twitter:label2\" content=\"Ber\u00e4knad l\u00e4stid\" \/>\n\t<meta name=\"twitter:data2\" content=\"1 minut\" \/>\n<script type=\"application\/ld+json\" class=\"yoast-schema-graph\">{\"@context\":\"https:\/\/schema.org\",\"@graph\":[{\"@type\":\"Article\",\"@id\":\"https:\/\/selwoholidayhome.com\/sv\/selwo-news-sv\/great-located-apt-san-pedro\/#article\",\"isPartOf\":{\"@id\":\"https:\/\/selwoholidayhome.com\/sv\/selwo-news-sv\/great-located-apt-san-pedro\/\"},\"author\":{\"name\":\"Mikael Elgstr\u00f6m\",\"@id\":\"https:\/\/selwoholidayhome.com\/#\/schema\/person\/148a4a3091d8a5fd4e56faf4189a82dd\"},\"headline\":\"Great located apt. in San Pedro de Alc\u00e1ntara out for rent!\",\"datePublished\":\"2017-02-03T11:17:21+00:00\",\"dateModified\":\"2017-02-03T11:19:36+00:00\",\"mainEntityOfPage\":{\"@id\":\"https:\/\/selwoholidayhome.com\/sv\/selwo-news-sv\/great-located-apt-san-pedro\/\"},\"wordCount\":229,\"commentCount\":0,\"publisher\":{\"@id\":\"https:\/\/selwoholidayhome.com\/#organization\"},\"image\":{\"@id\":\"https:\/\/selwoholidayhome.com\/sv\/selwo-news-sv\/great-located-apt-san-pedro\/#primaryimage\"},\"thumbnailUrl\":\"https:\/\/selwoholidayhome.com\/wp-content\/uploads\/2017\/02\/IMG_2934.jpg\",\"articleSection\":[\"Selwo News\"],\"inLanguage\":\"sv-SE\",\"potentialAction\":[{\"@type\":\"CommentAction\",\"name\":\"Comment\",\"target\":[\"https:\/\/selwoholidayhome.com\/sv\/selwo-news-sv\/great-located-apt-san-pedro\/#respond\"]}]},{\"@type\":\"WebPage\",\"@id\":\"https:\/\/selwoholidayhome.com\/sv\/selwo-news-sv\/great-located-apt-san-pedro\/\",\"url\":\"https:\/\/selwoholidayhome.com\/sv\/selwo-news-sv\/great-located-apt-san-pedro\/\",\"name\":\"Great located apt. in San Pedro de Alc\u00e1ntara out for rent! &#8226; Selwo Holiday Home\",\"isPartOf\":{\"@id\":\"https:\/\/selwoholidayhome.com\/#website\"},\"primaryImageOfPage\":{\"@id\":\"https:\/\/selwoholidayhome.com\/sv\/selwo-news-sv\/great-located-apt-san-pedro\/#primaryimage\"},\"image\":{\"@id\":\"https:\/\/selwoholidayhome.com\/sv\/selwo-news-sv\/great-located-apt-san-pedro\/#primaryimage\"},\"thumbnailUrl\":\"https:\/\/selwoholidayhome.com\/wp-content\/uploads\/2017\/02\/IMG_2934.jpg\",\"datePublished\":\"2017-02-03T11:17:21+00:00\",\"dateModified\":\"2017-02-03T11:19:36+00:00\",\"description\":\"Denna fr\u00e4scha nym\u00f6blerade l\u00e4genhet inneh\u00e5ller tv\u00e5 sovrum, vardagsrum med matrumsdel, badrum samt k\u00f6k. L\u00e4genheten \u00e4r fullt utrustad f\u00f6r att ge er en\",\"breadcrumb\":{\"@id\":\"https:\/\/selwoholidayhome.com\/sv\/selwo-news-sv\/great-located-apt-san-pedro\/#breadcrumb\"},\"inLanguage\":\"sv-SE\",\"potentialAction\":[{\"@type\":\"ReadAction\",\"target\":[\"https:\/\/selwoholidayhome.com\/sv\/selwo-news-sv\/great-located-apt-san-pedro\/\"]}]},{\"@type\":\"ImageObject\",\"inLanguage\":\"sv-SE\",\"@id\":\"https:\/\/selwoholidayhome.com\/sv\/selwo-news-sv\/great-located-apt-san-pedro\/#primaryimage\",\"url\":\"https:\/\/selwoholidayhome.com\/wp-content\/uploads\/2017\/02\/IMG_2934.jpg\",\"contentUrl\":\"https:\/\/selwoholidayhome.com\/wp-content\/uploads\/2017\/02\/IMG_2934.jpg\",\"width\":2048,\"height\":1365},{\"@type\":\"BreadcrumbList\",\"@id\":\"https:\/\/selwoholidayhome.com\/sv\/selwo-news-sv\/great-located-apt-san-pedro\/#breadcrumb\",\"itemListElement\":[{\"@type\":\"ListItem\",\"position\":1,\"name\":\"Home\",\"item\":\"https:\/\/selwoholidayhome.com\/sv\/\"},{\"@type\":\"ListItem\",\"position\":2,\"name\":\"Great located apt. in San Pedro de Alc\u00e1ntara out for rent!\"}]},{\"@type\":\"WebSite\",\"@id\":\"https:\/\/selwoholidayhome.com\/#website\",\"url\":\"https:\/\/selwoholidayhome.com\/\",\"name\":\"Selwo Holiday Home\",\"description\":\"Apartments for rent on the Costa del Sol\",\"publisher\":{\"@id\":\"https:\/\/selwoholidayhome.com\/#organization\"},\"potentialAction\":[{\"@type\":\"SearchAction\",\"target\":{\"@type\":\"EntryPoint\",\"urlTemplate\":\"https:\/\/selwoholidayhome.com\/?s={search_term_string}\"},\"query-input\":{\"@type\":\"PropertyValueSpecification\",\"valueRequired\":true,\"valueName\":\"search_term_string\"}}],\"inLanguage\":\"sv-SE\"},{\"@type\":\"Organization\",\"@id\":\"https:\/\/selwoholidayhome.com\/#organization\",\"name\":\"Selwo Holiday Home\",\"url\":\"https:\/\/selwoholidayhome.com\/\",\"logo\":{\"@type\":\"ImageObject\",\"inLanguage\":\"sv-SE\",\"@id\":\"https:\/\/selwoholidayhome.com\/#\/schema\/logo\/image\/\",\"url\":\"https:\/\/selwoholidayhome.com\/wp-content\/uploads\/2015\/07\/selwo-logo-01.png\",\"contentUrl\":\"https:\/\/selwoholidayhome.com\/wp-content\/uploads\/2015\/07\/selwo-logo-01.png\",\"width\":317,\"height\":201,\"caption\":\"Selwo Holiday Home\"},\"image\":{\"@id\":\"https:\/\/selwoholidayhome.com\/#\/schema\/logo\/image\/\"}},{\"@type\":\"Person\",\"@id\":\"https:\/\/selwoholidayhome.com\/#\/schema\/person\/148a4a3091d8a5fd4e56faf4189a82dd\",\"name\":\"Mikael Elgstr\u00f6m\",\"url\":\"https:\/\/selwoholidayhome.com\/sv\/author\/mikaele\/\"}]}<\/script>\n<!-- \/ Yoast SEO plugin. -->","yoast_head_json":{"title":"Great located apt. in San Pedro de Alc\u00e1ntara out for rent! &#8226; Selwo Holiday Home","description":"Denna fr\u00e4scha nym\u00f6blerade l\u00e4genhet inneh\u00e5ller tv\u00e5 sovrum, vardagsrum med matrumsdel, badrum samt k\u00f6k. L\u00e4genheten \u00e4r fullt utrustad f\u00f6r att ge er en","robots":{"index":"index","follow":"follow","max-snippet":"max-snippet:-1","max-image-preview":"max-image-preview:large","max-video-preview":"max-video-preview:-1"},"canonical":"https:\/\/selwoholidayhome.com\/sv\/selwo-news-sv\/great-located-apt-san-pedro\/","og_locale":"sv_SE","og_type":"article","og_title":"Great located apt. in San Pedro de Alc\u00e1ntara out for rent! &#8226; Selwo Holiday Home","og_description":"Denna fr\u00e4scha nym\u00f6blerade l\u00e4genhet inneh\u00e5ller tv\u00e5 sovrum, vardagsrum med matrumsdel, badrum samt k\u00f6k. L\u00e4genheten \u00e4r fullt utrustad f\u00f6r att ge er en","og_url":"https:\/\/selwoholidayhome.com\/sv\/selwo-news-sv\/great-located-apt-san-pedro\/","og_site_name":"Selwo Holiday Home","article_published_time":"2017-02-03T11:17:21+00:00","article_modified_time":"2017-02-03T11:19:36+00:00","og_image":[{"width":2048,"height":1365,"url":"https:\/\/selwoholidayhome.com\/wp-content\/uploads\/2017\/02\/IMG_2934.jpg","type":"image\/jpeg"}],"author":"Mikael Elgstr\u00f6m","twitter_card":"summary_large_image","twitter_misc":{"Skriven av":"Mikael Elgstr\u00f6m","Ber\u00e4knad l\u00e4stid":"1 minut"},"schema":{"@context":"https:\/\/schema.org","@graph":[{"@type":"Article","@id":"https:\/\/selwoholidayhome.com\/sv\/selwo-news-sv\/great-located-apt-san-pedro\/#article","isPartOf":{"@id":"https:\/\/selwoholidayhome.com\/sv\/selwo-news-sv\/great-located-apt-san-pedro\/"},"author":{"name":"Mikael Elgstr\u00f6m","@id":"https:\/\/selwoholidayhome.com\/#\/schema\/person\/148a4a3091d8a5fd4e56faf4189a82dd"},"headline":"Great located apt. in San Pedro de Alc\u00e1ntara out for rent!","datePublished":"2017-02-03T11:17:21+00:00","dateModified":"2017-02-03T11:19:36+00:00","mainEntityOfPage":{"@id":"https:\/\/selwoholidayhome.com\/sv\/selwo-news-sv\/great-located-apt-san-pedro\/"},"wordCount":229,"commentCount":0,"publisher":{"@id":"https:\/\/selwoholidayhome.com\/#organization"},"image":{"@id":"https:\/\/selwoholidayhome.com\/sv\/selwo-news-sv\/great-located-apt-san-pedro\/#primaryimage"},"thumbnailUrl":"https:\/\/selwoholidayhome.com\/wp-content\/uploads\/2017\/02\/IMG_2934.jpg","articleSection":["Selwo News"],"inLanguage":"sv-SE","potentialAction":[{"@type":"CommentAction","name":"Comment","target":["https:\/\/selwoholidayhome.com\/sv\/selwo-news-sv\/great-located-apt-san-pedro\/#respond"]}]},{"@type":"WebPage","@id":"https:\/\/selwoholidayhome.com\/sv\/selwo-news-sv\/great-located-apt-san-pedro\/","url":"https:\/\/selwoholidayhome.com\/sv\/selwo-news-sv\/great-located-apt-san-pedro\/","name":"Great located apt. in San Pedro de Alc\u00e1ntara out for rent! &#8226; Selwo Holiday Home","isPartOf":{"@id":"https:\/\/selwoholidayhome.com\/#website"},"primaryImageOfPage":{"@id":"https:\/\/selwoholidayhome.com\/sv\/selwo-news-sv\/great-located-apt-san-pedro\/#primaryimage"},"image":{"@id":"https:\/\/selwoholidayhome.com\/sv\/selwo-news-sv\/great-located-apt-san-pedro\/#primaryimage"},"thumbnailUrl":"https:\/\/selwoholidayhome.com\/wp-content\/uploads\/2017\/02\/IMG_2934.jpg","datePublished":"2017-02-03T11:17:21+00:00","dateModified":"2017-02-03T11:19:36+00:00","description":"Denna fr\u00e4scha nym\u00f6blerade l\u00e4genhet inneh\u00e5ller tv\u00e5 sovrum, vardagsrum med matrumsdel, badrum samt k\u00f6k. L\u00e4genheten \u00e4r fullt utrustad f\u00f6r att ge er en","breadcrumb":{"@id":"https:\/\/selwoholidayhome.com\/sv\/selwo-news-sv\/great-located-apt-san-pedro\/#breadcrumb"},"inLanguage":"sv-SE","potentialAction":[{"@type":"ReadAction","target":["https:\/\/selwoholidayhome.com\/sv\/selwo-news-sv\/great-located-apt-san-pedro\/"]}]},{"@type":"ImageObject","inLanguage":"sv-SE","@id":"https:\/\/selwoholidayhome.com\/sv\/selwo-news-sv\/great-located-apt-san-pedro\/#primaryimage","url":"https:\/\/selwoholidayhome.com\/wp-content\/uploads\/2017\/02\/IMG_2934.jpg","contentUrl":"https:\/\/selwoholidayhome.com\/wp-content\/uploads\/2017\/02\/IMG_2934.jpg","width":2048,"height":1365},{"@type":"BreadcrumbList","@id":"https:\/\/selwoholidayhome.com\/sv\/selwo-news-sv\/great-located-apt-san-pedro\/#breadcrumb","itemListElement":[{"@type":"ListItem","position":1,"name":"Home","item":"https:\/\/selwoholidayhome.com\/sv\/"},{"@type":"ListItem","position":2,"name":"Great located apt. in San Pedro de Alc\u00e1ntara out for rent!"}]},{"@type":"WebSite","@id":"https:\/\/selwoholidayhome.com\/#website","url":"https:\/\/selwoholidayhome.com\/","name":"Selwo Holiday Home","description":"Apartments for rent on the Costa del Sol","publisher":{"@id":"https:\/\/selwoholidayhome.com\/#organization"},"potentialAction":[{"@type":"SearchAction","target":{"@type":"EntryPoint","urlTemplate":"https:\/\/selwoholidayhome.com\/?s={search_term_string}"},"query-input":{"@type":"PropertyValueSpecification","valueRequired":true,"valueName":"search_term_string"}}],"inLanguage":"sv-SE"},{"@type":"Organization","@id":"https:\/\/selwoholidayhome.com\/#organization","name":"Selwo Holiday Home","url":"https:\/\/selwoholidayhome.com\/","logo":{"@type":"ImageObject","inLanguage":"sv-SE","@id":"https:\/\/selwoholidayhome.com\/#\/schema\/logo\/image\/","url":"https:\/\/selwoholidayhome.com\/wp-content\/uploads\/2015\/07\/selwo-logo-01.png","contentUrl":"https:\/\/selwoholidayhome.com\/wp-content\/uploads\/2015\/07\/selwo-logo-01.png","width":317,"height":201,"caption":"Selwo Holiday Home"},"image":{"@id":"https:\/\/selwoholidayhome.com\/#\/schema\/logo\/image\/"}},{"@type":"Person","@id":"https:\/\/selwoholidayhome.com\/#\/schema\/person\/148a4a3091d8a5fd4e56faf4189a82dd","name":"Mikael Elgstr\u00f6m","url":"https:\/\/selwoholidayhome.com\/sv\/author\/mikaele\/"}]}},"_links":{"self":[{"href":"https:\/\/selwoholidayhome.com\/sv\/wp-json\/wp\/v2\/posts\/13487","targetHints":{"allow":["GET"]}}],"collection":[{"href":"https:\/\/selwoholidayhome.com\/sv\/wp-json\/wp\/v2\/posts"}],"about":[{"href":"https:\/\/selwoholidayhome.com\/sv\/wp-json\/wp\/v2\/types\/post"}],"author":[{"embeddable":true,"href":"https:\/\/selwoholidayhome.com\/sv\/wp-json\/wp\/v2\/users\/5"}],"replies":[{"embeddable":true,"href":"https:\/\/selwoholidayhome.com\/sv\/wp-json\/wp\/v2\/comments?post=13487"}],"version-history":[{"count":2,"href":"https:\/\/selwoholidayhome.com\/sv\/wp-json\/wp\/v2\/posts\/13487\/revisions"}],"predecessor-version":[{"id":13489,"href":"https:\/\/selwoholidayhome.com\/sv\/wp-json\/wp\/v2\/posts\/13487\/revisions\/13489"}],"wp:featuredmedia":[{"embeddable":true,"href":"https:\/\/selwoholidayhome.com\/sv\/wp-json\/wp\/v2\/media\/13432"}],"wp:attachment":[{"href":"https:\/\/selwoholidayhome.com\/sv\/wp-json\/wp\/v2\/media?parent=13487"}],"wp:term":[{"taxonomy":"category","embeddable":true,"href":"https:\/\/selwoholidayhome.com\/sv\/wp-json\/wp\/v2\/categories?post=13487"},{"taxonomy":"post_tag","embeddable":true,"href":"https:\/\/selwoholidayhome.com\/sv\/wp-json\/wp\/v2\/tags?post=13487"}],"curies":[{"name":"wp","href":"https:\/\/api.w.org\/{rel}","templated":true}]}}