{"id":11263,"date":"2016-07-30T10:29:48","date_gmt":"2016-07-30T10:29:48","guid":{"rendered":"http:\/\/selwoholidayhome.com\/sv\/beachfront-studio-penthouse-along-la-rada-estepona\/"},"modified":"2016-07-30T10:36:32","modified_gmt":"2016-07-30T10:36:32","slug":"beachfront-studio-penthouse-along-la-rada-estepona","status":"publish","type":"post","link":"https:\/\/selwoholidayhome.com\/sv\/selwo-news-sv\/beachfront-studio-penthouse-along-la-rada-estepona\/","title":{"rendered":"Strandn\u00e4ra liten takv\u00e5ning l\u00e4ngs La Rada i Estepona!"},"content":{"rendered":"<p>Denna studio ligger med b\u00e4sta l\u00e4ge l\u00e4ngs stranden La Rada i Estepona.<br \/>\nFr\u00e5n terrassen har man en fantastisk panoramavy \u00f6ver stranden och Medelhavet.<br \/>\nVad s\u00e4gs om att \u00e4ta frukost p\u00e5 terrassen i soluppg\u00e5ngen,<br \/>\n\u00e4ta lunch precis nedanf\u00f6r l\u00e4ngs strandpromenaden och sedan njuta av en kopp kaffe p\u00e5 terrassen? Livskvalit\u00e9t, inte sant?<br \/>\nStudion \u00e4r ljus med \u00f6ppen planl\u00f6sning och utrustad f\u00f6r en v\u00e4l fungerande semester.<br \/>\nEstepona, k\u00e4nd som Costa del Sol tr\u00e4dg\u00e5rd, \u00e4r en gemytlig spansk stad med massor av sev\u00e4rdheter.<br \/>\nStaden \u00e4r bl.a. k\u00e4nd f\u00f6r sina m\u00e5nga v\u00e4ggm\u00e5lningar.<br \/>\nEstepona har ocks\u00e5 v\u00e4rldens st\u00f6rsta samling av orkid\u00e9er (vid Orchidarium).<br \/>\nI den gamla stadsdelen finns m\u00e5nga typiska spanska restauranger, den mest k\u00e4nda \u00e4r kanske \u201dLa Casa del Rey\u201d.<br \/>\nDetta boende i centrala Estepona \u00e4r perfekt f\u00f6r den som vill ha n\u00e4ra till allt.<br \/>\nDessutom kan du enkelt n\u00e5 andra platser av intresse, s\u00e5som Gibraltar, Puerto Banus, Ronda och Marbella t.ex.. F\u00f6r den golfintresserade finns det flera golfbanor n\u00e5gra f\u00e5 kilometer bort, bl.a. Valle Romano Golf och Estepona Golf.<\/p>\n<p>F\u00f6r mer info, klicka p\u00e5 l\u00e4nken:<br \/>\n<strong><a href=\"\/?p=11097\">http:\/\/selwoholidayhome.com\/sv\/fastigheter\/estepona-beachfront-2\/<\/a><\/strong><\/p>\n","protected":false},"excerpt":{"rendered":"<p>Denna studio ligger med b\u00e4sta l\u00e4ge l\u00e4ngs stranden La Rada i Estepona. Fr\u00e5n terrassen har man en fantastisk panoramavy \u00f6ver stranden och Medelhavet. Vad s\u00e4gs om att \u00e4ta frukost p\u00e5 terrassen i soluppg\u00e5ngen, \u00e4ta lunch precis nedanf\u00f6r l\u00e4ngs strandpromenaden och sedan njuta av en kopp kaffe p\u00e5 terrassen? Livskvalit\u00e9t, inte sant? Studion \u00e4r ljus med \u00f6ppen planl\u00f6sning och utrustad f\u00f6r&#8230;<\/p>\n<div><a href=\"https:\/\/selwoholidayhome.com\/sv\/selwo-news-sv\/beachfront-studio-penthouse-along-la-rada-estepona\/\" class=\"read-more\">L\u00e4s Mer  <i class=\"fa fa-arrow-circle-o-right\"><\/i><\/a><\/div>\n","protected":false},"author":5,"featured_media":11113,"comment_status":"open","ping_status":"open","sticky":false,"template":"","format":"standard","meta":{"footnotes":""},"categories":[121],"tags":[],"class_list":["post-11263","post","type-post","status-publish","format-standard","has-post-thumbnail","hentry","category-selwo-news-sv","has-featured"],"yoast_head":"<!-- This site is optimized with the Yoast SEO plugin v26.0 - https:\/\/yoast.com\/wordpress\/plugins\/seo\/ -->\n<title>Strandn\u00e4ra liten takv\u00e5ning l\u00e4ngs La Rada i Estepona! &#8226; Selwo Holiday Home<\/title>\n<meta name=\"description\" content=\"Denna studio ligger med b\u00e4sta l\u00e4ge l\u00e4ngs stranden La Rada i Estepona. Fr\u00e5n terrassen har man en fantastisk panoramavy \u00f6ver stranden och Medelhavet. Vad\" \/>\n<meta name=\"robots\" content=\"index, follow, max-snippet:-1, max-image-preview:large, max-video-preview:-1\" \/>\n<link rel=\"canonical\" href=\"https:\/\/selwoholidayhome.com\/sv\/selwo-news-sv\/beachfront-studio-penthouse-along-la-rada-estepona\/\" \/>\n<meta property=\"og:locale\" content=\"sv_SE\" \/>\n<meta property=\"og:type\" content=\"article\" \/>\n<meta property=\"og:title\" content=\"Strandn\u00e4ra liten takv\u00e5ning l\u00e4ngs La Rada i Estepona! &#8226; Selwo Holiday Home\" \/>\n<meta property=\"og:description\" content=\"Denna studio ligger med b\u00e4sta l\u00e4ge l\u00e4ngs stranden La Rada i Estepona. Fr\u00e5n terrassen har man en fantastisk panoramavy \u00f6ver stranden och Medelhavet. Vad\" \/>\n<meta property=\"og:url\" content=\"https:\/\/selwoholidayhome.com\/sv\/selwo-news-sv\/beachfront-studio-penthouse-along-la-rada-estepona\/\" \/>\n<meta property=\"og:site_name\" content=\"Selwo Holiday Home\" \/>\n<meta property=\"article:published_time\" content=\"2016-07-30T10:29:48+00:00\" \/>\n<meta property=\"article:modified_time\" content=\"2016-07-30T10:36:32+00:00\" \/>\n<meta property=\"og:image\" content=\"https:\/\/selwoholidayhome.com\/wp-content\/uploads\/2016\/07\/terrass-3.jpg\" \/>\n\t<meta property=\"og:image:width\" content=\"1024\" \/>\n\t<meta property=\"og:image:height\" content=\"682\" \/>\n\t<meta property=\"og:image:type\" content=\"image\/jpeg\" \/>\n<meta name=\"author\" content=\"Mikael Elgstr\u00f6m\" \/>\n<meta name=\"twitter:card\" content=\"summary_large_image\" \/>\n<meta name=\"twitter:label1\" content=\"Skriven av\" \/>\n\t<meta name=\"twitter:data1\" content=\"Mikael Elgstr\u00f6m\" \/>\n\t<meta name=\"twitter:label2\" content=\"Ber\u00e4knad l\u00e4stid\" \/>\n\t<meta name=\"twitter:data2\" content=\"1 minut\" \/>\n<script type=\"application\/ld+json\" class=\"yoast-schema-graph\">{\"@context\":\"https:\/\/schema.org\",\"@graph\":[{\"@type\":\"Article\",\"@id\":\"https:\/\/selwoholidayhome.com\/sv\/selwo-news-sv\/beachfront-studio-penthouse-along-la-rada-estepona\/#article\",\"isPartOf\":{\"@id\":\"https:\/\/selwoholidayhome.com\/sv\/selwo-news-sv\/beachfront-studio-penthouse-along-la-rada-estepona\/\"},\"author\":{\"name\":\"Mikael Elgstr\u00f6m\",\"@id\":\"https:\/\/selwoholidayhome.com\/#\/schema\/person\/148a4a3091d8a5fd4e56faf4189a82dd\"},\"headline\":\"Strandn\u00e4ra liten takv\u00e5ning l\u00e4ngs La Rada i Estepona!\",\"datePublished\":\"2016-07-30T10:29:48+00:00\",\"dateModified\":\"2016-07-30T10:36:32+00:00\",\"mainEntityOfPage\":{\"@id\":\"https:\/\/selwoholidayhome.com\/sv\/selwo-news-sv\/beachfront-studio-penthouse-along-la-rada-estepona\/\"},\"wordCount\":225,\"commentCount\":0,\"publisher\":{\"@id\":\"https:\/\/selwoholidayhome.com\/#organization\"},\"image\":{\"@id\":\"https:\/\/selwoholidayhome.com\/sv\/selwo-news-sv\/beachfront-studio-penthouse-along-la-rada-estepona\/#primaryimage\"},\"thumbnailUrl\":\"https:\/\/selwoholidayhome.com\/wp-content\/uploads\/2016\/07\/terrass-3.jpg\",\"articleSection\":[\"Selwo News\"],\"inLanguage\":\"sv-SE\",\"potentialAction\":[{\"@type\":\"CommentAction\",\"name\":\"Comment\",\"target\":[\"https:\/\/selwoholidayhome.com\/sv\/selwo-news-sv\/beachfront-studio-penthouse-along-la-rada-estepona\/#respond\"]}]},{\"@type\":\"WebPage\",\"@id\":\"https:\/\/selwoholidayhome.com\/sv\/selwo-news-sv\/beachfront-studio-penthouse-along-la-rada-estepona\/\",\"url\":\"https:\/\/selwoholidayhome.com\/sv\/selwo-news-sv\/beachfront-studio-penthouse-along-la-rada-estepona\/\",\"name\":\"Strandn\u00e4ra liten takv\u00e5ning l\u00e4ngs La Rada i Estepona! &#8226; Selwo Holiday Home\",\"isPartOf\":{\"@id\":\"https:\/\/selwoholidayhome.com\/#website\"},\"primaryImageOfPage\":{\"@id\":\"https:\/\/selwoholidayhome.com\/sv\/selwo-news-sv\/beachfront-studio-penthouse-along-la-rada-estepona\/#primaryimage\"},\"image\":{\"@id\":\"https:\/\/selwoholidayhome.com\/sv\/selwo-news-sv\/beachfront-studio-penthouse-along-la-rada-estepona\/#primaryimage\"},\"thumbnailUrl\":\"https:\/\/selwoholidayhome.com\/wp-content\/uploads\/2016\/07\/terrass-3.jpg\",\"datePublished\":\"2016-07-30T10:29:48+00:00\",\"dateModified\":\"2016-07-30T10:36:32+00:00\",\"description\":\"Denna studio ligger med b\u00e4sta l\u00e4ge l\u00e4ngs stranden La Rada i Estepona. Fr\u00e5n terrassen har man en fantastisk panoramavy \u00f6ver stranden och Medelhavet. Vad\",\"breadcrumb\":{\"@id\":\"https:\/\/selwoholidayhome.com\/sv\/selwo-news-sv\/beachfront-studio-penthouse-along-la-rada-estepona\/#breadcrumb\"},\"inLanguage\":\"sv-SE\",\"potentialAction\":[{\"@type\":\"ReadAction\",\"target\":[\"https:\/\/selwoholidayhome.com\/sv\/selwo-news-sv\/beachfront-studio-penthouse-along-la-rada-estepona\/\"]}]},{\"@type\":\"ImageObject\",\"inLanguage\":\"sv-SE\",\"@id\":\"https:\/\/selwoholidayhome.com\/sv\/selwo-news-sv\/beachfront-studio-penthouse-along-la-rada-estepona\/#primaryimage\",\"url\":\"https:\/\/selwoholidayhome.com\/wp-content\/uploads\/2016\/07\/terrass-3.jpg\",\"contentUrl\":\"https:\/\/selwoholidayhome.com\/wp-content\/uploads\/2016\/07\/terrass-3.jpg\",\"width\":1024,\"height\":682},{\"@type\":\"BreadcrumbList\",\"@id\":\"https:\/\/selwoholidayhome.com\/sv\/selwo-news-sv\/beachfront-studio-penthouse-along-la-rada-estepona\/#breadcrumb\",\"itemListElement\":[{\"@type\":\"ListItem\",\"position\":1,\"name\":\"Home\",\"item\":\"https:\/\/selwoholidayhome.com\/sv\/\"},{\"@type\":\"ListItem\",\"position\":2,\"name\":\"Strandn\u00e4ra liten takv\u00e5ning l\u00e4ngs La Rada i Estepona!\"}]},{\"@type\":\"WebSite\",\"@id\":\"https:\/\/selwoholidayhome.com\/#website\",\"url\":\"https:\/\/selwoholidayhome.com\/\",\"name\":\"Selwo Holiday Home\",\"description\":\"Apartments for rent on the Costa del Sol\",\"publisher\":{\"@id\":\"https:\/\/selwoholidayhome.com\/#organization\"},\"potentialAction\":[{\"@type\":\"SearchAction\",\"target\":{\"@type\":\"EntryPoint\",\"urlTemplate\":\"https:\/\/selwoholidayhome.com\/?s={search_term_string}\"},\"query-input\":{\"@type\":\"PropertyValueSpecification\",\"valueRequired\":true,\"valueName\":\"search_term_string\"}}],\"inLanguage\":\"sv-SE\"},{\"@type\":\"Organization\",\"@id\":\"https:\/\/selwoholidayhome.com\/#organization\",\"name\":\"Selwo Holiday Home\",\"url\":\"https:\/\/selwoholidayhome.com\/\",\"logo\":{\"@type\":\"ImageObject\",\"inLanguage\":\"sv-SE\",\"@id\":\"https:\/\/selwoholidayhome.com\/#\/schema\/logo\/image\/\",\"url\":\"https:\/\/selwoholidayhome.com\/wp-content\/uploads\/2015\/07\/selwo-logo-01.png\",\"contentUrl\":\"https:\/\/selwoholidayhome.com\/wp-content\/uploads\/2015\/07\/selwo-logo-01.png\",\"width\":317,\"height\":201,\"caption\":\"Selwo Holiday Home\"},\"image\":{\"@id\":\"https:\/\/selwoholidayhome.com\/#\/schema\/logo\/image\/\"}},{\"@type\":\"Person\",\"@id\":\"https:\/\/selwoholidayhome.com\/#\/schema\/person\/148a4a3091d8a5fd4e56faf4189a82dd\",\"name\":\"Mikael Elgstr\u00f6m\",\"url\":\"https:\/\/selwoholidayhome.com\/sv\/author\/mikaele\/\"}]}<\/script>\n<!-- \/ Yoast SEO plugin. -->","yoast_head_json":{"title":"Strandn\u00e4ra liten takv\u00e5ning l\u00e4ngs La Rada i Estepona! &#8226; Selwo Holiday Home","description":"Denna studio ligger med b\u00e4sta l\u00e4ge l\u00e4ngs stranden La Rada i Estepona. Fr\u00e5n terrassen har man en fantastisk panoramavy \u00f6ver stranden och Medelhavet. Vad","robots":{"index":"index","follow":"follow","max-snippet":"max-snippet:-1","max-image-preview":"max-image-preview:large","max-video-preview":"max-video-preview:-1"},"canonical":"https:\/\/selwoholidayhome.com\/sv\/selwo-news-sv\/beachfront-studio-penthouse-along-la-rada-estepona\/","og_locale":"sv_SE","og_type":"article","og_title":"Strandn\u00e4ra liten takv\u00e5ning l\u00e4ngs La Rada i Estepona! &#8226; Selwo Holiday Home","og_description":"Denna studio ligger med b\u00e4sta l\u00e4ge l\u00e4ngs stranden La Rada i Estepona. Fr\u00e5n terrassen har man en fantastisk panoramavy \u00f6ver stranden och Medelhavet. Vad","og_url":"https:\/\/selwoholidayhome.com\/sv\/selwo-news-sv\/beachfront-studio-penthouse-along-la-rada-estepona\/","og_site_name":"Selwo Holiday Home","article_published_time":"2016-07-30T10:29:48+00:00","article_modified_time":"2016-07-30T10:36:32+00:00","og_image":[{"width":1024,"height":682,"url":"https:\/\/selwoholidayhome.com\/wp-content\/uploads\/2016\/07\/terrass-3.jpg","type":"image\/jpeg"}],"author":"Mikael Elgstr\u00f6m","twitter_card":"summary_large_image","twitter_misc":{"Skriven av":"Mikael Elgstr\u00f6m","Ber\u00e4knad l\u00e4stid":"1 minut"},"schema":{"@context":"https:\/\/schema.org","@graph":[{"@type":"Article","@id":"https:\/\/selwoholidayhome.com\/sv\/selwo-news-sv\/beachfront-studio-penthouse-along-la-rada-estepona\/#article","isPartOf":{"@id":"https:\/\/selwoholidayhome.com\/sv\/selwo-news-sv\/beachfront-studio-penthouse-along-la-rada-estepona\/"},"author":{"name":"Mikael Elgstr\u00f6m","@id":"https:\/\/selwoholidayhome.com\/#\/schema\/person\/148a4a3091d8a5fd4e56faf4189a82dd"},"headline":"Strandn\u00e4ra liten takv\u00e5ning l\u00e4ngs La Rada i Estepona!","datePublished":"2016-07-30T10:29:48+00:00","dateModified":"2016-07-30T10:36:32+00:00","mainEntityOfPage":{"@id":"https:\/\/selwoholidayhome.com\/sv\/selwo-news-sv\/beachfront-studio-penthouse-along-la-rada-estepona\/"},"wordCount":225,"commentCount":0,"publisher":{"@id":"https:\/\/selwoholidayhome.com\/#organization"},"image":{"@id":"https:\/\/selwoholidayhome.com\/sv\/selwo-news-sv\/beachfront-studio-penthouse-along-la-rada-estepona\/#primaryimage"},"thumbnailUrl":"https:\/\/selwoholidayhome.com\/wp-content\/uploads\/2016\/07\/terrass-3.jpg","articleSection":["Selwo News"],"inLanguage":"sv-SE","potentialAction":[{"@type":"CommentAction","name":"Comment","target":["https:\/\/selwoholidayhome.com\/sv\/selwo-news-sv\/beachfront-studio-penthouse-along-la-rada-estepona\/#respond"]}]},{"@type":"WebPage","@id":"https:\/\/selwoholidayhome.com\/sv\/selwo-news-sv\/beachfront-studio-penthouse-along-la-rada-estepona\/","url":"https:\/\/selwoholidayhome.com\/sv\/selwo-news-sv\/beachfront-studio-penthouse-along-la-rada-estepona\/","name":"Strandn\u00e4ra liten takv\u00e5ning l\u00e4ngs La Rada i Estepona! &#8226; Selwo Holiday Home","isPartOf":{"@id":"https:\/\/selwoholidayhome.com\/#website"},"primaryImageOfPage":{"@id":"https:\/\/selwoholidayhome.com\/sv\/selwo-news-sv\/beachfront-studio-penthouse-along-la-rada-estepona\/#primaryimage"},"image":{"@id":"https:\/\/selwoholidayhome.com\/sv\/selwo-news-sv\/beachfront-studio-penthouse-along-la-rada-estepona\/#primaryimage"},"thumbnailUrl":"https:\/\/selwoholidayhome.com\/wp-content\/uploads\/2016\/07\/terrass-3.jpg","datePublished":"2016-07-30T10:29:48+00:00","dateModified":"2016-07-30T10:36:32+00:00","description":"Denna studio ligger med b\u00e4sta l\u00e4ge l\u00e4ngs stranden La Rada i Estepona. Fr\u00e5n terrassen har man en fantastisk panoramavy \u00f6ver stranden och Medelhavet. Vad","breadcrumb":{"@id":"https:\/\/selwoholidayhome.com\/sv\/selwo-news-sv\/beachfront-studio-penthouse-along-la-rada-estepona\/#breadcrumb"},"inLanguage":"sv-SE","potentialAction":[{"@type":"ReadAction","target":["https:\/\/selwoholidayhome.com\/sv\/selwo-news-sv\/beachfront-studio-penthouse-along-la-rada-estepona\/"]}]},{"@type":"ImageObject","inLanguage":"sv-SE","@id":"https:\/\/selwoholidayhome.com\/sv\/selwo-news-sv\/beachfront-studio-penthouse-along-la-rada-estepona\/#primaryimage","url":"https:\/\/selwoholidayhome.com\/wp-content\/uploads\/2016\/07\/terrass-3.jpg","contentUrl":"https:\/\/selwoholidayhome.com\/wp-content\/uploads\/2016\/07\/terrass-3.jpg","width":1024,"height":682},{"@type":"BreadcrumbList","@id":"https:\/\/selwoholidayhome.com\/sv\/selwo-news-sv\/beachfront-studio-penthouse-along-la-rada-estepona\/#breadcrumb","itemListElement":[{"@type":"ListItem","position":1,"name":"Home","item":"https:\/\/selwoholidayhome.com\/sv\/"},{"@type":"ListItem","position":2,"name":"Strandn\u00e4ra liten takv\u00e5ning l\u00e4ngs La Rada i Estepona!"}]},{"@type":"WebSite","@id":"https:\/\/selwoholidayhome.com\/#website","url":"https:\/\/selwoholidayhome.com\/","name":"Selwo Holiday Home","description":"Apartments for rent on the Costa del Sol","publisher":{"@id":"https:\/\/selwoholidayhome.com\/#organization"},"potentialAction":[{"@type":"SearchAction","target":{"@type":"EntryPoint","urlTemplate":"https:\/\/selwoholidayhome.com\/?s={search_term_string}"},"query-input":{"@type":"PropertyValueSpecification","valueRequired":true,"valueName":"search_term_string"}}],"inLanguage":"sv-SE"},{"@type":"Organization","@id":"https:\/\/selwoholidayhome.com\/#organization","name":"Selwo Holiday Home","url":"https:\/\/selwoholidayhome.com\/","logo":{"@type":"ImageObject","inLanguage":"sv-SE","@id":"https:\/\/selwoholidayhome.com\/#\/schema\/logo\/image\/","url":"https:\/\/selwoholidayhome.com\/wp-content\/uploads\/2015\/07\/selwo-logo-01.png","contentUrl":"https:\/\/selwoholidayhome.com\/wp-content\/uploads\/2015\/07\/selwo-logo-01.png","width":317,"height":201,"caption":"Selwo Holiday Home"},"image":{"@id":"https:\/\/selwoholidayhome.com\/#\/schema\/logo\/image\/"}},{"@type":"Person","@id":"https:\/\/selwoholidayhome.com\/#\/schema\/person\/148a4a3091d8a5fd4e56faf4189a82dd","name":"Mikael Elgstr\u00f6m","url":"https:\/\/selwoholidayhome.com\/sv\/author\/mikaele\/"}]}},"_links":{"self":[{"href":"https:\/\/selwoholidayhome.com\/sv\/wp-json\/wp\/v2\/posts\/11263","targetHints":{"allow":["GET"]}}],"collection":[{"href":"https:\/\/selwoholidayhome.com\/sv\/wp-json\/wp\/v2\/posts"}],"about":[{"href":"https:\/\/selwoholidayhome.com\/sv\/wp-json\/wp\/v2\/types\/post"}],"author":[{"embeddable":true,"href":"https:\/\/selwoholidayhome.com\/sv\/wp-json\/wp\/v2\/users\/5"}],"replies":[{"embeddable":true,"href":"https:\/\/selwoholidayhome.com\/sv\/wp-json\/wp\/v2\/comments?post=11263"}],"version-history":[{"count":3,"href":"https:\/\/selwoholidayhome.com\/sv\/wp-json\/wp\/v2\/posts\/11263\/revisions"}],"predecessor-version":[{"id":11266,"href":"https:\/\/selwoholidayhome.com\/sv\/wp-json\/wp\/v2\/posts\/11263\/revisions\/11266"}],"wp:featuredmedia":[{"embeddable":true,"href":"https:\/\/selwoholidayhome.com\/sv\/wp-json\/wp\/v2\/media\/11113"}],"wp:attachment":[{"href":"https:\/\/selwoholidayhome.com\/sv\/wp-json\/wp\/v2\/media?parent=11263"}],"wp:term":[{"taxonomy":"category","embeddable":true,"href":"https:\/\/selwoholidayhome.com\/sv\/wp-json\/wp\/v2\/categories?post=11263"},{"taxonomy":"post_tag","embeddable":true,"href":"https:\/\/selwoholidayhome.com\/sv\/wp-json\/wp\/v2\/tags?post=11263"}],"curies":[{"name":"wp","href":"https:\/\/api.w.org\/{rel}","templated":true}]}}