{"id":10707,"date":"2016-05-28T18:04:34","date_gmt":"2016-05-28T18:04:34","guid":{"rendered":"http:\/\/selwoholidayhome.com\/sv\/?p=10707"},"modified":"2016-05-28T18:04:34","modified_gmt":"2016-05-28T18:04:34","slug":"apartment-fantastic-location-rent-old-town-estepona","status":"publish","type":"post","link":"https:\/\/selwoholidayhome.com\/sv\/selwo-news-sv\/apartment-fantastic-location-rent-old-town-estepona\/","title":{"rendered":"L\u00e4genhet med fantastiskt l\u00e4ge uthyres i Old Town, Estepona!"},"content":{"rendered":"<p>L\u00e4genhet p\u00e5 unikt l\u00e4ge i Old Town, Estepona. Med direkt anslutning till aff\u00e4rsgatan Calle Terraza har denna charmiga l\u00e4genhet b\u00e4sta t\u00e4nkbara l\u00e4ge. L\u00e4genheten best\u00e5r av ett sovrum med dubbels\u00e4ng, samt ett vardagsrum med b\u00e4ddsoffa. Dessutom finns det ett matrum, k\u00f6k och toalett. I anslutning till vardagsrummet finns en liten terrass. K\u00f6ket \u00e4r bra utrustat s\u00e5 l\u00e4genheten har allt f\u00f6r en funktionell semester. P\u00e5 en radie p\u00e5 ett par hundra meter har ni Esteponas ber\u00f6mda Orchidarium, unika v\u00e4ggm\u00e5lningar, stort antal genuina spanska tapas restauranger, Old Towns blomsterprydda gr\u00e4nder och bara ett par minuter bort ligger stranden La Rada och den fina strandpromenaden som leder hela v\u00e4gen bort till hamnen. F\u00f6r det st\u00f6rre s\u00e4llskapet kan denna l\u00e4genhet hyras tillsammans med \u201dEstepona \u2013 Old Town 3\u201d som \u00e4r l\u00e4genheten ovanf\u00f6r. (se separat beskrivning).<br \/>\nTillsammans kan upp till 9 personer hyra dessa b\u00e5da l\u00e4genheter och alla har d\u00e5 tillg\u00e5ng till den stora takterrassen!<\/p>\n<p>F\u00f6r mer info, klicka p\u00e5 l\u00e4nken:<br \/>\n<strong><a href=\"\/?p=10600\">http:\/\/selwoholidayhome.com\/sv\/fastigheter\/estepona-old-town-2\/<\/a><\/strong><\/p>\n<p>&nbsp;<\/p>\n","protected":false},"excerpt":{"rendered":"<p>L\u00e4genhet p\u00e5 unikt l\u00e4ge i Old Town, Estepona. Med direkt anslutning till aff\u00e4rsgatan Calle Terraza har denna charmiga l\u00e4genhet b\u00e4sta t\u00e4nkbara l\u00e4ge. L\u00e4genheten best\u00e5r av ett sovrum med dubbels\u00e4ng, samt ett vardagsrum med b\u00e4ddsoffa. Dessutom finns det ett matrum, k\u00f6k och toalett. I anslutning till vardagsrummet finns en liten terrass. K\u00f6ket \u00e4r bra utrustat s\u00e5 l\u00e4genheten har allt f\u00f6r en&#8230;<\/p>\n<div><a href=\"https:\/\/selwoholidayhome.com\/sv\/selwo-news-sv\/apartment-fantastic-location-rent-old-town-estepona\/\" class=\"read-more\">L\u00e4s Mer  <i class=\"fa fa-arrow-circle-o-right\"><\/i><\/a><\/div>\n","protected":false},"author":5,"featured_media":10675,"comment_status":"open","ping_status":"open","sticky":false,"template":"","format":"standard","meta":{"footnotes":""},"categories":[121],"tags":[],"class_list":["post-10707","post","type-post","status-publish","format-standard","has-post-thumbnail","hentry","category-selwo-news-sv","has-featured"],"yoast_head":"<!-- This site is optimized with the Yoast SEO plugin v26.0 - https:\/\/yoast.com\/wordpress\/plugins\/seo\/ -->\n<title>L\u00e4genhet med fantastiskt l\u00e4ge uthyres i Old Town, Estepona! &#8226; Selwo Holiday Home<\/title>\n<meta name=\"description\" content=\"L\u00e4genhet p\u00e5 unikt l\u00e4ge i Old Town, Estepona. Med direkt anslutning till aff\u00e4rsgatan Calle Terraza har denna charmiga l\u00e4genhet b\u00e4sta t\u00e4nkbara l\u00e4ge.\" \/>\n<meta name=\"robots\" content=\"index, follow, max-snippet:-1, max-image-preview:large, max-video-preview:-1\" \/>\n<link rel=\"canonical\" href=\"https:\/\/selwoholidayhome.com\/sv\/selwo-news-sv\/apartment-fantastic-location-rent-old-town-estepona\/\" \/>\n<meta property=\"og:locale\" content=\"sv_SE\" \/>\n<meta property=\"og:type\" content=\"article\" \/>\n<meta property=\"og:title\" content=\"L\u00e4genhet med fantastiskt l\u00e4ge uthyres i Old Town, Estepona! &#8226; Selwo Holiday Home\" \/>\n<meta property=\"og:description\" content=\"L\u00e4genhet p\u00e5 unikt l\u00e4ge i Old Town, Estepona. Med direkt anslutning till aff\u00e4rsgatan Calle Terraza har denna charmiga l\u00e4genhet b\u00e4sta t\u00e4nkbara l\u00e4ge.\" \/>\n<meta property=\"og:url\" content=\"https:\/\/selwoholidayhome.com\/sv\/selwo-news-sv\/apartment-fantastic-location-rent-old-town-estepona\/\" \/>\n<meta property=\"og:site_name\" content=\"Selwo Holiday Home\" \/>\n<meta property=\"article:published_time\" content=\"2016-05-28T18:04:34+00:00\" \/>\n<meta property=\"og:image\" content=\"https:\/\/selwoholidayhome.com\/wp-content\/uploads\/2016\/05\/IMG_1752.jpg\" \/>\n\t<meta property=\"og:image:width\" content=\"2048\" \/>\n\t<meta property=\"og:image:height\" content=\"1366\" \/>\n\t<meta property=\"og:image:type\" content=\"image\/jpeg\" \/>\n<meta name=\"author\" content=\"Mikael Elgstr\u00f6m\" \/>\n<meta name=\"twitter:card\" content=\"summary_large_image\" \/>\n<meta name=\"twitter:label1\" content=\"Skriven av\" \/>\n\t<meta name=\"twitter:data1\" content=\"Mikael Elgstr\u00f6m\" \/>\n\t<meta name=\"twitter:label2\" content=\"Ber\u00e4knad l\u00e4stid\" \/>\n\t<meta name=\"twitter:data2\" content=\"1 minut\" \/>\n<script type=\"application\/ld+json\" class=\"yoast-schema-graph\">{\"@context\":\"https:\/\/schema.org\",\"@graph\":[{\"@type\":\"Article\",\"@id\":\"https:\/\/selwoholidayhome.com\/sv\/selwo-news-sv\/apartment-fantastic-location-rent-old-town-estepona\/#article\",\"isPartOf\":{\"@id\":\"https:\/\/selwoholidayhome.com\/sv\/selwo-news-sv\/apartment-fantastic-location-rent-old-town-estepona\/\"},\"author\":{\"name\":\"Mikael Elgstr\u00f6m\",\"@id\":\"https:\/\/selwoholidayhome.com\/#\/schema\/person\/148a4a3091d8a5fd4e56faf4189a82dd\"},\"headline\":\"L\u00e4genhet med fantastiskt l\u00e4ge uthyres i Old Town, Estepona!\",\"datePublished\":\"2016-05-28T18:04:34+00:00\",\"mainEntityOfPage\":{\"@id\":\"https:\/\/selwoholidayhome.com\/sv\/selwo-news-sv\/apartment-fantastic-location-rent-old-town-estepona\/\"},\"wordCount\":201,\"commentCount\":0,\"publisher\":{\"@id\":\"https:\/\/selwoholidayhome.com\/#organization\"},\"image\":{\"@id\":\"https:\/\/selwoholidayhome.com\/sv\/selwo-news-sv\/apartment-fantastic-location-rent-old-town-estepona\/#primaryimage\"},\"thumbnailUrl\":\"https:\/\/selwoholidayhome.com\/wp-content\/uploads\/2016\/05\/IMG_1752.jpg\",\"articleSection\":[\"Selwo News\"],\"inLanguage\":\"sv-SE\",\"potentialAction\":[{\"@type\":\"CommentAction\",\"name\":\"Comment\",\"target\":[\"https:\/\/selwoholidayhome.com\/sv\/selwo-news-sv\/apartment-fantastic-location-rent-old-town-estepona\/#respond\"]}]},{\"@type\":\"WebPage\",\"@id\":\"https:\/\/selwoholidayhome.com\/sv\/selwo-news-sv\/apartment-fantastic-location-rent-old-town-estepona\/\",\"url\":\"https:\/\/selwoholidayhome.com\/sv\/selwo-news-sv\/apartment-fantastic-location-rent-old-town-estepona\/\",\"name\":\"L\u00e4genhet med fantastiskt l\u00e4ge uthyres i Old Town, Estepona! &#8226; Selwo Holiday Home\",\"isPartOf\":{\"@id\":\"https:\/\/selwoholidayhome.com\/#website\"},\"primaryImageOfPage\":{\"@id\":\"https:\/\/selwoholidayhome.com\/sv\/selwo-news-sv\/apartment-fantastic-location-rent-old-town-estepona\/#primaryimage\"},\"image\":{\"@id\":\"https:\/\/selwoholidayhome.com\/sv\/selwo-news-sv\/apartment-fantastic-location-rent-old-town-estepona\/#primaryimage\"},\"thumbnailUrl\":\"https:\/\/selwoholidayhome.com\/wp-content\/uploads\/2016\/05\/IMG_1752.jpg\",\"datePublished\":\"2016-05-28T18:04:34+00:00\",\"description\":\"L\u00e4genhet p\u00e5 unikt l\u00e4ge i Old Town, Estepona. Med direkt anslutning till aff\u00e4rsgatan Calle Terraza har denna charmiga l\u00e4genhet b\u00e4sta t\u00e4nkbara l\u00e4ge.\",\"breadcrumb\":{\"@id\":\"https:\/\/selwoholidayhome.com\/sv\/selwo-news-sv\/apartment-fantastic-location-rent-old-town-estepona\/#breadcrumb\"},\"inLanguage\":\"sv-SE\",\"potentialAction\":[{\"@type\":\"ReadAction\",\"target\":[\"https:\/\/selwoholidayhome.com\/sv\/selwo-news-sv\/apartment-fantastic-location-rent-old-town-estepona\/\"]}]},{\"@type\":\"ImageObject\",\"inLanguage\":\"sv-SE\",\"@id\":\"https:\/\/selwoholidayhome.com\/sv\/selwo-news-sv\/apartment-fantastic-location-rent-old-town-estepona\/#primaryimage\",\"url\":\"https:\/\/selwoholidayhome.com\/wp-content\/uploads\/2016\/05\/IMG_1752.jpg\",\"contentUrl\":\"https:\/\/selwoholidayhome.com\/wp-content\/uploads\/2016\/05\/IMG_1752.jpg\",\"width\":2048,\"height\":1366},{\"@type\":\"BreadcrumbList\",\"@id\":\"https:\/\/selwoholidayhome.com\/sv\/selwo-news-sv\/apartment-fantastic-location-rent-old-town-estepona\/#breadcrumb\",\"itemListElement\":[{\"@type\":\"ListItem\",\"position\":1,\"name\":\"Home\",\"item\":\"https:\/\/selwoholidayhome.com\/sv\/\"},{\"@type\":\"ListItem\",\"position\":2,\"name\":\"L\u00e4genhet med fantastiskt l\u00e4ge uthyres i Old Town, Estepona!\"}]},{\"@type\":\"WebSite\",\"@id\":\"https:\/\/selwoholidayhome.com\/#website\",\"url\":\"https:\/\/selwoholidayhome.com\/\",\"name\":\"Selwo Holiday Home\",\"description\":\"Apartments for rent on the Costa del Sol\",\"publisher\":{\"@id\":\"https:\/\/selwoholidayhome.com\/#organization\"},\"potentialAction\":[{\"@type\":\"SearchAction\",\"target\":{\"@type\":\"EntryPoint\",\"urlTemplate\":\"https:\/\/selwoholidayhome.com\/?s={search_term_string}\"},\"query-input\":{\"@type\":\"PropertyValueSpecification\",\"valueRequired\":true,\"valueName\":\"search_term_string\"}}],\"inLanguage\":\"sv-SE\"},{\"@type\":\"Organization\",\"@id\":\"https:\/\/selwoholidayhome.com\/#organization\",\"name\":\"Selwo Holiday Home\",\"url\":\"https:\/\/selwoholidayhome.com\/\",\"logo\":{\"@type\":\"ImageObject\",\"inLanguage\":\"sv-SE\",\"@id\":\"https:\/\/selwoholidayhome.com\/#\/schema\/logo\/image\/\",\"url\":\"https:\/\/selwoholidayhome.com\/wp-content\/uploads\/2015\/07\/selwo-logo-01.png\",\"contentUrl\":\"https:\/\/selwoholidayhome.com\/wp-content\/uploads\/2015\/07\/selwo-logo-01.png\",\"width\":317,\"height\":201,\"caption\":\"Selwo Holiday Home\"},\"image\":{\"@id\":\"https:\/\/selwoholidayhome.com\/#\/schema\/logo\/image\/\"}},{\"@type\":\"Person\",\"@id\":\"https:\/\/selwoholidayhome.com\/#\/schema\/person\/148a4a3091d8a5fd4e56faf4189a82dd\",\"name\":\"Mikael Elgstr\u00f6m\",\"url\":\"https:\/\/selwoholidayhome.com\/sv\/author\/mikaele\/\"}]}<\/script>\n<!-- \/ Yoast SEO plugin. -->","yoast_head_json":{"title":"L\u00e4genhet med fantastiskt l\u00e4ge uthyres i Old Town, Estepona! &#8226; Selwo Holiday Home","description":"L\u00e4genhet p\u00e5 unikt l\u00e4ge i Old Town, Estepona. Med direkt anslutning till aff\u00e4rsgatan Calle Terraza har denna charmiga l\u00e4genhet b\u00e4sta t\u00e4nkbara l\u00e4ge.","robots":{"index":"index","follow":"follow","max-snippet":"max-snippet:-1","max-image-preview":"max-image-preview:large","max-video-preview":"max-video-preview:-1"},"canonical":"https:\/\/selwoholidayhome.com\/sv\/selwo-news-sv\/apartment-fantastic-location-rent-old-town-estepona\/","og_locale":"sv_SE","og_type":"article","og_title":"L\u00e4genhet med fantastiskt l\u00e4ge uthyres i Old Town, Estepona! &#8226; Selwo Holiday Home","og_description":"L\u00e4genhet p\u00e5 unikt l\u00e4ge i Old Town, Estepona. Med direkt anslutning till aff\u00e4rsgatan Calle Terraza har denna charmiga l\u00e4genhet b\u00e4sta t\u00e4nkbara l\u00e4ge.","og_url":"https:\/\/selwoholidayhome.com\/sv\/selwo-news-sv\/apartment-fantastic-location-rent-old-town-estepona\/","og_site_name":"Selwo Holiday Home","article_published_time":"2016-05-28T18:04:34+00:00","og_image":[{"width":2048,"height":1366,"url":"https:\/\/selwoholidayhome.com\/wp-content\/uploads\/2016\/05\/IMG_1752.jpg","type":"image\/jpeg"}],"author":"Mikael Elgstr\u00f6m","twitter_card":"summary_large_image","twitter_misc":{"Skriven av":"Mikael Elgstr\u00f6m","Ber\u00e4knad l\u00e4stid":"1 minut"},"schema":{"@context":"https:\/\/schema.org","@graph":[{"@type":"Article","@id":"https:\/\/selwoholidayhome.com\/sv\/selwo-news-sv\/apartment-fantastic-location-rent-old-town-estepona\/#article","isPartOf":{"@id":"https:\/\/selwoholidayhome.com\/sv\/selwo-news-sv\/apartment-fantastic-location-rent-old-town-estepona\/"},"author":{"name":"Mikael Elgstr\u00f6m","@id":"https:\/\/selwoholidayhome.com\/#\/schema\/person\/148a4a3091d8a5fd4e56faf4189a82dd"},"headline":"L\u00e4genhet med fantastiskt l\u00e4ge uthyres i Old Town, Estepona!","datePublished":"2016-05-28T18:04:34+00:00","mainEntityOfPage":{"@id":"https:\/\/selwoholidayhome.com\/sv\/selwo-news-sv\/apartment-fantastic-location-rent-old-town-estepona\/"},"wordCount":201,"commentCount":0,"publisher":{"@id":"https:\/\/selwoholidayhome.com\/#organization"},"image":{"@id":"https:\/\/selwoholidayhome.com\/sv\/selwo-news-sv\/apartment-fantastic-location-rent-old-town-estepona\/#primaryimage"},"thumbnailUrl":"https:\/\/selwoholidayhome.com\/wp-content\/uploads\/2016\/05\/IMG_1752.jpg","articleSection":["Selwo News"],"inLanguage":"sv-SE","potentialAction":[{"@type":"CommentAction","name":"Comment","target":["https:\/\/selwoholidayhome.com\/sv\/selwo-news-sv\/apartment-fantastic-location-rent-old-town-estepona\/#respond"]}]},{"@type":"WebPage","@id":"https:\/\/selwoholidayhome.com\/sv\/selwo-news-sv\/apartment-fantastic-location-rent-old-town-estepona\/","url":"https:\/\/selwoholidayhome.com\/sv\/selwo-news-sv\/apartment-fantastic-location-rent-old-town-estepona\/","name":"L\u00e4genhet med fantastiskt l\u00e4ge uthyres i Old Town, Estepona! &#8226; Selwo Holiday Home","isPartOf":{"@id":"https:\/\/selwoholidayhome.com\/#website"},"primaryImageOfPage":{"@id":"https:\/\/selwoholidayhome.com\/sv\/selwo-news-sv\/apartment-fantastic-location-rent-old-town-estepona\/#primaryimage"},"image":{"@id":"https:\/\/selwoholidayhome.com\/sv\/selwo-news-sv\/apartment-fantastic-location-rent-old-town-estepona\/#primaryimage"},"thumbnailUrl":"https:\/\/selwoholidayhome.com\/wp-content\/uploads\/2016\/05\/IMG_1752.jpg","datePublished":"2016-05-28T18:04:34+00:00","description":"L\u00e4genhet p\u00e5 unikt l\u00e4ge i Old Town, Estepona. Med direkt anslutning till aff\u00e4rsgatan Calle Terraza har denna charmiga l\u00e4genhet b\u00e4sta t\u00e4nkbara l\u00e4ge.","breadcrumb":{"@id":"https:\/\/selwoholidayhome.com\/sv\/selwo-news-sv\/apartment-fantastic-location-rent-old-town-estepona\/#breadcrumb"},"inLanguage":"sv-SE","potentialAction":[{"@type":"ReadAction","target":["https:\/\/selwoholidayhome.com\/sv\/selwo-news-sv\/apartment-fantastic-location-rent-old-town-estepona\/"]}]},{"@type":"ImageObject","inLanguage":"sv-SE","@id":"https:\/\/selwoholidayhome.com\/sv\/selwo-news-sv\/apartment-fantastic-location-rent-old-town-estepona\/#primaryimage","url":"https:\/\/selwoholidayhome.com\/wp-content\/uploads\/2016\/05\/IMG_1752.jpg","contentUrl":"https:\/\/selwoholidayhome.com\/wp-content\/uploads\/2016\/05\/IMG_1752.jpg","width":2048,"height":1366},{"@type":"BreadcrumbList","@id":"https:\/\/selwoholidayhome.com\/sv\/selwo-news-sv\/apartment-fantastic-location-rent-old-town-estepona\/#breadcrumb","itemListElement":[{"@type":"ListItem","position":1,"name":"Home","item":"https:\/\/selwoholidayhome.com\/sv\/"},{"@type":"ListItem","position":2,"name":"L\u00e4genhet med fantastiskt l\u00e4ge uthyres i Old Town, Estepona!"}]},{"@type":"WebSite","@id":"https:\/\/selwoholidayhome.com\/#website","url":"https:\/\/selwoholidayhome.com\/","name":"Selwo Holiday Home","description":"Apartments for rent on the Costa del Sol","publisher":{"@id":"https:\/\/selwoholidayhome.com\/#organization"},"potentialAction":[{"@type":"SearchAction","target":{"@type":"EntryPoint","urlTemplate":"https:\/\/selwoholidayhome.com\/?s={search_term_string}"},"query-input":{"@type":"PropertyValueSpecification","valueRequired":true,"valueName":"search_term_string"}}],"inLanguage":"sv-SE"},{"@type":"Organization","@id":"https:\/\/selwoholidayhome.com\/#organization","name":"Selwo Holiday Home","url":"https:\/\/selwoholidayhome.com\/","logo":{"@type":"ImageObject","inLanguage":"sv-SE","@id":"https:\/\/selwoholidayhome.com\/#\/schema\/logo\/image\/","url":"https:\/\/selwoholidayhome.com\/wp-content\/uploads\/2015\/07\/selwo-logo-01.png","contentUrl":"https:\/\/selwoholidayhome.com\/wp-content\/uploads\/2015\/07\/selwo-logo-01.png","width":317,"height":201,"caption":"Selwo Holiday Home"},"image":{"@id":"https:\/\/selwoholidayhome.com\/#\/schema\/logo\/image\/"}},{"@type":"Person","@id":"https:\/\/selwoholidayhome.com\/#\/schema\/person\/148a4a3091d8a5fd4e56faf4189a82dd","name":"Mikael Elgstr\u00f6m","url":"https:\/\/selwoholidayhome.com\/sv\/author\/mikaele\/"}]}},"_links":{"self":[{"href":"https:\/\/selwoholidayhome.com\/sv\/wp-json\/wp\/v2\/posts\/10707","targetHints":{"allow":["GET"]}}],"collection":[{"href":"https:\/\/selwoholidayhome.com\/sv\/wp-json\/wp\/v2\/posts"}],"about":[{"href":"https:\/\/selwoholidayhome.com\/sv\/wp-json\/wp\/v2\/types\/post"}],"author":[{"embeddable":true,"href":"https:\/\/selwoholidayhome.com\/sv\/wp-json\/wp\/v2\/users\/5"}],"replies":[{"embeddable":true,"href":"https:\/\/selwoholidayhome.com\/sv\/wp-json\/wp\/v2\/comments?post=10707"}],"version-history":[{"count":2,"href":"https:\/\/selwoholidayhome.com\/sv\/wp-json\/wp\/v2\/posts\/10707\/revisions"}],"predecessor-version":[{"id":10709,"href":"https:\/\/selwoholidayhome.com\/sv\/wp-json\/wp\/v2\/posts\/10707\/revisions\/10709"}],"wp:featuredmedia":[{"embeddable":true,"href":"https:\/\/selwoholidayhome.com\/sv\/wp-json\/wp\/v2\/media\/10675"}],"wp:attachment":[{"href":"https:\/\/selwoholidayhome.com\/sv\/wp-json\/wp\/v2\/media?parent=10707"}],"wp:term":[{"taxonomy":"category","embeddable":true,"href":"https:\/\/selwoholidayhome.com\/sv\/wp-json\/wp\/v2\/categories?post=10707"},{"taxonomy":"post_tag","embeddable":true,"href":"https:\/\/selwoholidayhome.com\/sv\/wp-json\/wp\/v2\/tags?post=10707"}],"curies":[{"name":"wp","href":"https:\/\/api.w.org\/{rel}","templated":true}]}}