{"id":10327,"date":"2016-05-08T13:31:24","date_gmt":"2016-05-08T13:31:24","guid":{"rendered":"http:\/\/selwoholidayhome.com\/sv\/apartment-rent-direct-access-paseo-maritimo-marbella\/"},"modified":"2016-05-08T13:39:37","modified_gmt":"2016-05-08T13:39:37","slug":"apartment-rent-direct-access-paseo-maritimo-marbella","status":"publish","type":"post","link":"https:\/\/selwoholidayhome.com\/sv\/selwo-news-sv\/apartment-rent-direct-access-paseo-maritimo-marbella\/","title":{"rendered":"L\u00e4genhet med direkt anslutning till strandpromenaden i Marbella, uthyres !"},"content":{"rendered":"<p>Denna l\u00e4genheten ligger med b\u00e4sta l\u00e4ge direkt p\u00e5 strandpromenaden vid Marbella hamn, Paseo Maritimo. Utsikten \u00e4r fantastisk och l\u00e4genheten \u00e4r utrustad f\u00f6r ett fungerande semesterboende f\u00f6r upp till 4 personer. L\u00e4genheten best\u00e5r av ett sovrum ett vardagsrum med matrumsdel och ett mindre k\u00f6k. Det finns dessutom tv\u00e5 inglasade terrasser med h\u00e4nf\u00f6rande utsikt. L\u00e4get \u00e4r eftertraktat, s\u00e5 bokning b\u00f6r g\u00f6ras i god tid f\u00f6r att f\u00f6rs\u00e4kra er om detta gyllene l\u00e4ge med n\u00e4ra till allt. En h\u00e4rlig strandpromenad till Puerto Banus tar ca. 1 timme.<\/p>\n<p>F\u00f6r mer information, klicka p\u00e5 denna l\u00e4nken:<br \/>\n<strong><a href=\"https:\/\/selwoholidayhome.com\/properties\/marbella-harbour-1\/\">http:\/\/selwoholidayhome.com\/sv\/fastigheter\/marbella-harbour-1\/<\/a><\/strong><\/p>\n","protected":false},"excerpt":{"rendered":"<p>Denna l\u00e4genheten ligger med b\u00e4sta l\u00e4ge direkt p\u00e5 strandpromenaden vid Marbella hamn, Paseo Maritimo. Utsikten \u00e4r fantastisk och l\u00e4genheten \u00e4r utrustad f\u00f6r ett fungerande semesterboende f\u00f6r upp till 4 personer. L\u00e4genheten best\u00e5r av ett sovrum ett vardagsrum med matrumsdel och ett mindre k\u00f6k. Det finns dessutom tv\u00e5 inglasade terrasser med h\u00e4nf\u00f6rande utsikt. L\u00e4get \u00e4r eftertraktat, s\u00e5 bokning b\u00f6r g\u00f6ras i&#8230;<\/p>\n<div><a href=\"https:\/\/selwoholidayhome.com\/sv\/selwo-news-sv\/apartment-rent-direct-access-paseo-maritimo-marbella\/\" class=\"read-more\">L\u00e4s Mer  <i class=\"fa fa-arrow-circle-o-right\"><\/i><\/a><\/div>\n","protected":false},"author":5,"featured_media":10289,"comment_status":"open","ping_status":"open","sticky":false,"template":"","format":"standard","meta":{"footnotes":""},"categories":[121],"tags":[],"class_list":["post-10327","post","type-post","status-publish","format-standard","has-post-thumbnail","hentry","category-selwo-news-sv","has-featured"],"yoast_head":"<!-- This site is optimized with the Yoast SEO plugin v26.0 - https:\/\/yoast.com\/wordpress\/plugins\/seo\/ -->\n<title>L\u00e4genhet med direkt anslutning till strandpromenaden i Marbella, uthyres ! &#8226; Selwo Holiday Home<\/title>\n<meta name=\"description\" content=\"Denna l\u00e4genheten ligger med b\u00e4sta l\u00e4ge direkt p\u00e5 strandpromenaden vid Marbella hamn, Paseo Maritimo. Utsikten \u00e4r fantastisk och l\u00e4genheten \u00e4r utrustad f\u00f6r\" \/>\n<meta name=\"robots\" content=\"index, follow, max-snippet:-1, max-image-preview:large, max-video-preview:-1\" \/>\n<link rel=\"canonical\" href=\"https:\/\/selwoholidayhome.com\/sv\/selwo-news-sv\/apartment-rent-direct-access-paseo-maritimo-marbella\/\" \/>\n<meta property=\"og:locale\" content=\"sv_SE\" \/>\n<meta property=\"og:type\" content=\"article\" \/>\n<meta property=\"og:title\" content=\"L\u00e4genhet med direkt anslutning till strandpromenaden i Marbella, uthyres ! &#8226; Selwo Holiday Home\" \/>\n<meta property=\"og:description\" content=\"Denna l\u00e4genheten ligger med b\u00e4sta l\u00e4ge direkt p\u00e5 strandpromenaden vid Marbella hamn, Paseo Maritimo. Utsikten \u00e4r fantastisk och l\u00e4genheten \u00e4r utrustad f\u00f6r\" \/>\n<meta property=\"og:url\" content=\"https:\/\/selwoholidayhome.com\/sv\/selwo-news-sv\/apartment-rent-direct-access-paseo-maritimo-marbella\/\" \/>\n<meta property=\"og:site_name\" content=\"Selwo Holiday Home\" \/>\n<meta property=\"article:published_time\" content=\"2016-05-08T13:31:24+00:00\" \/>\n<meta property=\"article:modified_time\" content=\"2016-05-08T13:39:37+00:00\" \/>\n<meta property=\"og:image\" content=\"https:\/\/selwoholidayhome.com\/wp-content\/uploads\/2016\/05\/IMG_1524.jpg\" \/>\n\t<meta property=\"og:image:width\" content=\"2048\" \/>\n\t<meta property=\"og:image:height\" content=\"1365\" \/>\n\t<meta property=\"og:image:type\" content=\"image\/jpeg\" \/>\n<meta name=\"author\" content=\"Mikael Elgstr\u00f6m\" \/>\n<meta name=\"twitter:card\" content=\"summary_large_image\" \/>\n<meta name=\"twitter:label1\" content=\"Skriven av\" \/>\n\t<meta name=\"twitter:data1\" content=\"Mikael Elgstr\u00f6m\" \/>\n\t<meta name=\"twitter:label2\" content=\"Ber\u00e4knad l\u00e4stid\" \/>\n\t<meta name=\"twitter:data2\" content=\"1 minut\" \/>\n<script type=\"application\/ld+json\" class=\"yoast-schema-graph\">{\"@context\":\"https:\/\/schema.org\",\"@graph\":[{\"@type\":\"Article\",\"@id\":\"https:\/\/selwoholidayhome.com\/sv\/selwo-news-sv\/apartment-rent-direct-access-paseo-maritimo-marbella\/#article\",\"isPartOf\":{\"@id\":\"https:\/\/selwoholidayhome.com\/sv\/selwo-news-sv\/apartment-rent-direct-access-paseo-maritimo-marbella\/\"},\"author\":{\"name\":\"Mikael Elgstr\u00f6m\",\"@id\":\"https:\/\/selwoholidayhome.com\/#\/schema\/person\/148a4a3091d8a5fd4e56faf4189a82dd\"},\"headline\":\"L\u00e4genhet med direkt anslutning till strandpromenaden i Marbella, uthyres !\",\"datePublished\":\"2016-05-08T13:31:24+00:00\",\"dateModified\":\"2016-05-08T13:39:37+00:00\",\"mainEntityOfPage\":{\"@id\":\"https:\/\/selwoholidayhome.com\/sv\/selwo-news-sv\/apartment-rent-direct-access-paseo-maritimo-marbella\/\"},\"wordCount\":127,\"commentCount\":0,\"publisher\":{\"@id\":\"https:\/\/selwoholidayhome.com\/#organization\"},\"image\":{\"@id\":\"https:\/\/selwoholidayhome.com\/sv\/selwo-news-sv\/apartment-rent-direct-access-paseo-maritimo-marbella\/#primaryimage\"},\"thumbnailUrl\":\"https:\/\/selwoholidayhome.com\/wp-content\/uploads\/2016\/05\/IMG_1524.jpg\",\"articleSection\":[\"Selwo News\"],\"inLanguage\":\"sv-SE\",\"potentialAction\":[{\"@type\":\"CommentAction\",\"name\":\"Comment\",\"target\":[\"https:\/\/selwoholidayhome.com\/sv\/selwo-news-sv\/apartment-rent-direct-access-paseo-maritimo-marbella\/#respond\"]}]},{\"@type\":\"WebPage\",\"@id\":\"https:\/\/selwoholidayhome.com\/sv\/selwo-news-sv\/apartment-rent-direct-access-paseo-maritimo-marbella\/\",\"url\":\"https:\/\/selwoholidayhome.com\/sv\/selwo-news-sv\/apartment-rent-direct-access-paseo-maritimo-marbella\/\",\"name\":\"L\u00e4genhet med direkt anslutning till strandpromenaden i Marbella, uthyres ! &#8226; Selwo Holiday Home\",\"isPartOf\":{\"@id\":\"https:\/\/selwoholidayhome.com\/#website\"},\"primaryImageOfPage\":{\"@id\":\"https:\/\/selwoholidayhome.com\/sv\/selwo-news-sv\/apartment-rent-direct-access-paseo-maritimo-marbella\/#primaryimage\"},\"image\":{\"@id\":\"https:\/\/selwoholidayhome.com\/sv\/selwo-news-sv\/apartment-rent-direct-access-paseo-maritimo-marbella\/#primaryimage\"},\"thumbnailUrl\":\"https:\/\/selwoholidayhome.com\/wp-content\/uploads\/2016\/05\/IMG_1524.jpg\",\"datePublished\":\"2016-05-08T13:31:24+00:00\",\"dateModified\":\"2016-05-08T13:39:37+00:00\",\"description\":\"Denna l\u00e4genheten ligger med b\u00e4sta l\u00e4ge direkt p\u00e5 strandpromenaden vid Marbella hamn, Paseo Maritimo. Utsikten \u00e4r fantastisk och l\u00e4genheten \u00e4r utrustad f\u00f6r\",\"breadcrumb\":{\"@id\":\"https:\/\/selwoholidayhome.com\/sv\/selwo-news-sv\/apartment-rent-direct-access-paseo-maritimo-marbella\/#breadcrumb\"},\"inLanguage\":\"sv-SE\",\"potentialAction\":[{\"@type\":\"ReadAction\",\"target\":[\"https:\/\/selwoholidayhome.com\/sv\/selwo-news-sv\/apartment-rent-direct-access-paseo-maritimo-marbella\/\"]}]},{\"@type\":\"ImageObject\",\"inLanguage\":\"sv-SE\",\"@id\":\"https:\/\/selwoholidayhome.com\/sv\/selwo-news-sv\/apartment-rent-direct-access-paseo-maritimo-marbella\/#primaryimage\",\"url\":\"https:\/\/selwoholidayhome.com\/wp-content\/uploads\/2016\/05\/IMG_1524.jpg\",\"contentUrl\":\"https:\/\/selwoholidayhome.com\/wp-content\/uploads\/2016\/05\/IMG_1524.jpg\",\"width\":2048,\"height\":1365},{\"@type\":\"BreadcrumbList\",\"@id\":\"https:\/\/selwoholidayhome.com\/sv\/selwo-news-sv\/apartment-rent-direct-access-paseo-maritimo-marbella\/#breadcrumb\",\"itemListElement\":[{\"@type\":\"ListItem\",\"position\":1,\"name\":\"Home\",\"item\":\"https:\/\/selwoholidayhome.com\/sv\/\"},{\"@type\":\"ListItem\",\"position\":2,\"name\":\"L\u00e4genhet med direkt anslutning till strandpromenaden i Marbella, uthyres !\"}]},{\"@type\":\"WebSite\",\"@id\":\"https:\/\/selwoholidayhome.com\/#website\",\"url\":\"https:\/\/selwoholidayhome.com\/\",\"name\":\"Selwo Holiday Home\",\"description\":\"Apartments for rent on the Costa del Sol\",\"publisher\":{\"@id\":\"https:\/\/selwoholidayhome.com\/#organization\"},\"potentialAction\":[{\"@type\":\"SearchAction\",\"target\":{\"@type\":\"EntryPoint\",\"urlTemplate\":\"https:\/\/selwoholidayhome.com\/?s={search_term_string}\"},\"query-input\":{\"@type\":\"PropertyValueSpecification\",\"valueRequired\":true,\"valueName\":\"search_term_string\"}}],\"inLanguage\":\"sv-SE\"},{\"@type\":\"Organization\",\"@id\":\"https:\/\/selwoholidayhome.com\/#organization\",\"name\":\"Selwo Holiday Home\",\"url\":\"https:\/\/selwoholidayhome.com\/\",\"logo\":{\"@type\":\"ImageObject\",\"inLanguage\":\"sv-SE\",\"@id\":\"https:\/\/selwoholidayhome.com\/#\/schema\/logo\/image\/\",\"url\":\"https:\/\/selwoholidayhome.com\/wp-content\/uploads\/2015\/07\/selwo-logo-01.png\",\"contentUrl\":\"https:\/\/selwoholidayhome.com\/wp-content\/uploads\/2015\/07\/selwo-logo-01.png\",\"width\":317,\"height\":201,\"caption\":\"Selwo Holiday Home\"},\"image\":{\"@id\":\"https:\/\/selwoholidayhome.com\/#\/schema\/logo\/image\/\"}},{\"@type\":\"Person\",\"@id\":\"https:\/\/selwoholidayhome.com\/#\/schema\/person\/148a4a3091d8a5fd4e56faf4189a82dd\",\"name\":\"Mikael Elgstr\u00f6m\",\"url\":\"https:\/\/selwoholidayhome.com\/sv\/author\/mikaele\/\"}]}<\/script>\n<!-- \/ Yoast SEO plugin. -->","yoast_head_json":{"title":"L\u00e4genhet med direkt anslutning till strandpromenaden i Marbella, uthyres ! &#8226; Selwo Holiday Home","description":"Denna l\u00e4genheten ligger med b\u00e4sta l\u00e4ge direkt p\u00e5 strandpromenaden vid Marbella hamn, Paseo Maritimo. Utsikten \u00e4r fantastisk och l\u00e4genheten \u00e4r utrustad f\u00f6r","robots":{"index":"index","follow":"follow","max-snippet":"max-snippet:-1","max-image-preview":"max-image-preview:large","max-video-preview":"max-video-preview:-1"},"canonical":"https:\/\/selwoholidayhome.com\/sv\/selwo-news-sv\/apartment-rent-direct-access-paseo-maritimo-marbella\/","og_locale":"sv_SE","og_type":"article","og_title":"L\u00e4genhet med direkt anslutning till strandpromenaden i Marbella, uthyres ! &#8226; Selwo Holiday Home","og_description":"Denna l\u00e4genheten ligger med b\u00e4sta l\u00e4ge direkt p\u00e5 strandpromenaden vid Marbella hamn, Paseo Maritimo. Utsikten \u00e4r fantastisk och l\u00e4genheten \u00e4r utrustad f\u00f6r","og_url":"https:\/\/selwoholidayhome.com\/sv\/selwo-news-sv\/apartment-rent-direct-access-paseo-maritimo-marbella\/","og_site_name":"Selwo Holiday Home","article_published_time":"2016-05-08T13:31:24+00:00","article_modified_time":"2016-05-08T13:39:37+00:00","og_image":[{"width":2048,"height":1365,"url":"https:\/\/selwoholidayhome.com\/wp-content\/uploads\/2016\/05\/IMG_1524.jpg","type":"image\/jpeg"}],"author":"Mikael Elgstr\u00f6m","twitter_card":"summary_large_image","twitter_misc":{"Skriven av":"Mikael Elgstr\u00f6m","Ber\u00e4knad l\u00e4stid":"1 minut"},"schema":{"@context":"https:\/\/schema.org","@graph":[{"@type":"Article","@id":"https:\/\/selwoholidayhome.com\/sv\/selwo-news-sv\/apartment-rent-direct-access-paseo-maritimo-marbella\/#article","isPartOf":{"@id":"https:\/\/selwoholidayhome.com\/sv\/selwo-news-sv\/apartment-rent-direct-access-paseo-maritimo-marbella\/"},"author":{"name":"Mikael Elgstr\u00f6m","@id":"https:\/\/selwoholidayhome.com\/#\/schema\/person\/148a4a3091d8a5fd4e56faf4189a82dd"},"headline":"L\u00e4genhet med direkt anslutning till strandpromenaden i Marbella, uthyres !","datePublished":"2016-05-08T13:31:24+00:00","dateModified":"2016-05-08T13:39:37+00:00","mainEntityOfPage":{"@id":"https:\/\/selwoholidayhome.com\/sv\/selwo-news-sv\/apartment-rent-direct-access-paseo-maritimo-marbella\/"},"wordCount":127,"commentCount":0,"publisher":{"@id":"https:\/\/selwoholidayhome.com\/#organization"},"image":{"@id":"https:\/\/selwoholidayhome.com\/sv\/selwo-news-sv\/apartment-rent-direct-access-paseo-maritimo-marbella\/#primaryimage"},"thumbnailUrl":"https:\/\/selwoholidayhome.com\/wp-content\/uploads\/2016\/05\/IMG_1524.jpg","articleSection":["Selwo News"],"inLanguage":"sv-SE","potentialAction":[{"@type":"CommentAction","name":"Comment","target":["https:\/\/selwoholidayhome.com\/sv\/selwo-news-sv\/apartment-rent-direct-access-paseo-maritimo-marbella\/#respond"]}]},{"@type":"WebPage","@id":"https:\/\/selwoholidayhome.com\/sv\/selwo-news-sv\/apartment-rent-direct-access-paseo-maritimo-marbella\/","url":"https:\/\/selwoholidayhome.com\/sv\/selwo-news-sv\/apartment-rent-direct-access-paseo-maritimo-marbella\/","name":"L\u00e4genhet med direkt anslutning till strandpromenaden i Marbella, uthyres ! &#8226; Selwo Holiday Home","isPartOf":{"@id":"https:\/\/selwoholidayhome.com\/#website"},"primaryImageOfPage":{"@id":"https:\/\/selwoholidayhome.com\/sv\/selwo-news-sv\/apartment-rent-direct-access-paseo-maritimo-marbella\/#primaryimage"},"image":{"@id":"https:\/\/selwoholidayhome.com\/sv\/selwo-news-sv\/apartment-rent-direct-access-paseo-maritimo-marbella\/#primaryimage"},"thumbnailUrl":"https:\/\/selwoholidayhome.com\/wp-content\/uploads\/2016\/05\/IMG_1524.jpg","datePublished":"2016-05-08T13:31:24+00:00","dateModified":"2016-05-08T13:39:37+00:00","description":"Denna l\u00e4genheten ligger med b\u00e4sta l\u00e4ge direkt p\u00e5 strandpromenaden vid Marbella hamn, Paseo Maritimo. Utsikten \u00e4r fantastisk och l\u00e4genheten \u00e4r utrustad f\u00f6r","breadcrumb":{"@id":"https:\/\/selwoholidayhome.com\/sv\/selwo-news-sv\/apartment-rent-direct-access-paseo-maritimo-marbella\/#breadcrumb"},"inLanguage":"sv-SE","potentialAction":[{"@type":"ReadAction","target":["https:\/\/selwoholidayhome.com\/sv\/selwo-news-sv\/apartment-rent-direct-access-paseo-maritimo-marbella\/"]}]},{"@type":"ImageObject","inLanguage":"sv-SE","@id":"https:\/\/selwoholidayhome.com\/sv\/selwo-news-sv\/apartment-rent-direct-access-paseo-maritimo-marbella\/#primaryimage","url":"https:\/\/selwoholidayhome.com\/wp-content\/uploads\/2016\/05\/IMG_1524.jpg","contentUrl":"https:\/\/selwoholidayhome.com\/wp-content\/uploads\/2016\/05\/IMG_1524.jpg","width":2048,"height":1365},{"@type":"BreadcrumbList","@id":"https:\/\/selwoholidayhome.com\/sv\/selwo-news-sv\/apartment-rent-direct-access-paseo-maritimo-marbella\/#breadcrumb","itemListElement":[{"@type":"ListItem","position":1,"name":"Home","item":"https:\/\/selwoholidayhome.com\/sv\/"},{"@type":"ListItem","position":2,"name":"L\u00e4genhet med direkt anslutning till strandpromenaden i Marbella, uthyres !"}]},{"@type":"WebSite","@id":"https:\/\/selwoholidayhome.com\/#website","url":"https:\/\/selwoholidayhome.com\/","name":"Selwo Holiday Home","description":"Apartments for rent on the Costa del Sol","publisher":{"@id":"https:\/\/selwoholidayhome.com\/#organization"},"potentialAction":[{"@type":"SearchAction","target":{"@type":"EntryPoint","urlTemplate":"https:\/\/selwoholidayhome.com\/?s={search_term_string}"},"query-input":{"@type":"PropertyValueSpecification","valueRequired":true,"valueName":"search_term_string"}}],"inLanguage":"sv-SE"},{"@type":"Organization","@id":"https:\/\/selwoholidayhome.com\/#organization","name":"Selwo Holiday Home","url":"https:\/\/selwoholidayhome.com\/","logo":{"@type":"ImageObject","inLanguage":"sv-SE","@id":"https:\/\/selwoholidayhome.com\/#\/schema\/logo\/image\/","url":"https:\/\/selwoholidayhome.com\/wp-content\/uploads\/2015\/07\/selwo-logo-01.png","contentUrl":"https:\/\/selwoholidayhome.com\/wp-content\/uploads\/2015\/07\/selwo-logo-01.png","width":317,"height":201,"caption":"Selwo Holiday Home"},"image":{"@id":"https:\/\/selwoholidayhome.com\/#\/schema\/logo\/image\/"}},{"@type":"Person","@id":"https:\/\/selwoholidayhome.com\/#\/schema\/person\/148a4a3091d8a5fd4e56faf4189a82dd","name":"Mikael Elgstr\u00f6m","url":"https:\/\/selwoholidayhome.com\/sv\/author\/mikaele\/"}]}},"_links":{"self":[{"href":"https:\/\/selwoholidayhome.com\/sv\/wp-json\/wp\/v2\/posts\/10327","targetHints":{"allow":["GET"]}}],"collection":[{"href":"https:\/\/selwoholidayhome.com\/sv\/wp-json\/wp\/v2\/posts"}],"about":[{"href":"https:\/\/selwoholidayhome.com\/sv\/wp-json\/wp\/v2\/types\/post"}],"author":[{"embeddable":true,"href":"https:\/\/selwoholidayhome.com\/sv\/wp-json\/wp\/v2\/users\/5"}],"replies":[{"embeddable":true,"href":"https:\/\/selwoholidayhome.com\/sv\/wp-json\/wp\/v2\/comments?post=10327"}],"version-history":[{"count":3,"href":"https:\/\/selwoholidayhome.com\/sv\/wp-json\/wp\/v2\/posts\/10327\/revisions"}],"predecessor-version":[{"id":10330,"href":"https:\/\/selwoholidayhome.com\/sv\/wp-json\/wp\/v2\/posts\/10327\/revisions\/10330"}],"wp:featuredmedia":[{"embeddable":true,"href":"https:\/\/selwoholidayhome.com\/sv\/wp-json\/wp\/v2\/media\/10289"}],"wp:attachment":[{"href":"https:\/\/selwoholidayhome.com\/sv\/wp-json\/wp\/v2\/media?parent=10327"}],"wp:term":[{"taxonomy":"category","embeddable":true,"href":"https:\/\/selwoholidayhome.com\/sv\/wp-json\/wp\/v2\/categories?post=10327"},{"taxonomy":"post_tag","embeddable":true,"href":"https:\/\/selwoholidayhome.com\/sv\/wp-json\/wp\/v2\/tags?post=10327"}],"curies":[{"name":"wp","href":"https:\/\/api.w.org\/{rel}","templated":true}]}}